{"id":4927,"date":"2023-10-03T22:34:07","date_gmt":"2023-10-03T20:34:07","guid":{"rendered":"http:\/\/www.ulcgt69villefranche.fr\/?p=4927"},"modified":"2023-10-03T22:34:07","modified_gmt":"2023-10-03T20:34:07","slug":"13-octobre-2023-appel-a-la-greve-et-a-la-manifestation-a-16h30-place-du-promenoir-place-de-la-liberation","status":"publish","type":"post","link":"http:\/\/www.ulcgt69villefranche.fr\/?p=4927","title":{"rendered":"13 Octobre 2023 Appel \u00e0 la gr\u00e8ve et \u00e0 la manifestation \u00e0\u00a016h30 place du Promenoir (Place de la Lib\u00e9ration)"},"content":{"rendered":"\n<h1 class=\"has-text-align-center\">Appel \u00e0 la gr\u00e8ve et \u00e0 la manifestation           \u00e0\u00a016h30 place du Promenoir                      (Place de la Lib\u00e9ration)<\/h1>\n\n\n\n<figure class=\"wp-container-2 wp-block-gallery-1 wp-block-gallery has-nested-images columns-default is-cropped\">\n<figure class=\"wp-block-image size-large\"><a href=\"http:\/\/www.ulcgt69villefranche.fr\/wp-content\/uploads\/2023\/10\/Tract_13oct_mail_recto.jpg\"><img loading=\"lazy\" width=\"724\" height=\"1024\" data-id=\"4930\"  src=\"http:\/\/www.ulcgt69villefranche.fr\/wp-content\/uploads\/2023\/10\/Tract_13oct_mail_recto-724x1024.jpg\" alt=\"\" class=\"wp-image-4930\" srcset=\"http:\/\/www.ulcgt69villefranche.fr\/wp-content\/uploads\/2023\/10\/Tract_13oct_mail_recto-724x1024.jpg 724w, http:\/\/www.ulcgt69villefranche.fr\/wp-content\/uploads\/2023\/10\/Tract_13oct_mail_recto-212x300.jpg 212w, http:\/\/www.ulcgt69villefranche.fr\/wp-content\/uploads\/2023\/10\/Tract_13oct_mail_recto-768x1086.jpg 768w, http:\/\/www.ulcgt69villefranche.fr\/wp-content\/uploads\/2023\/10\/Tract_13oct_mail_recto-1086x1536.jpg 1086w, http:\/\/www.ulcgt69villefranche.fr\/wp-content\/uploads\/2023\/10\/Tract_13oct_mail_recto.jpg 1240w\" sizes=\"(max-width: 724px) 100vw, 724px\" \/><\/a><\/figure>\n\n\n\n<figure class=\"wp-block-image size-large\"><a href=\"http:\/\/www.ulcgt69villefranche.fr\/wp-content\/uploads\/2023\/10\/Tract_13oct_mail_verso.jpg\"><img loading=\"lazy\" width=\"724\" height=\"1024\" data-id=\"4929\"  src=\"http:\/\/www.ulcgt69villefranche.fr\/wp-content\/uploads\/2023\/10\/Tract_13oct_mail_verso-724x1024.jpg\" alt=\"\" class=\"wp-image-4929\" srcset=\"http:\/\/www.ulcgt69villefranche.fr\/wp-content\/uploads\/2023\/10\/Tract_13oct_mail_verso-724x1024.jpg 724w, http:\/\/www.ulcgt69villefranche.fr\/wp-content\/uploads\/2023\/10\/Tract_13oct_mail_verso-212x300.jpg 212w, http:\/\/www.ulcgt69villefranche.fr\/wp-content\/uploads\/2023\/10\/Tract_13oct_mail_verso-768x1086.jpg 768w, http:\/\/www.ulcgt69villefranche.fr\/wp-content\/uploads\/2023\/10\/Tract_13oct_mail_verso-1086x1536.jpg 1086w, http:\/\/www.ulcgt69villefranche.fr\/wp-content\/uploads\/2023\/10\/Tract_13oct_mail_verso.jpg 1240w\" sizes=\"(max-width: 724px) 100vw, 724px\" \/><\/a><\/figure>\n<\/figure>\n\n\n\n<p class=\"has-text-align-center\"><a href=\"http:\/\/www.ulcgt69villefranche.fr\/wp-content\/uploads\/2023\/10\/Tract_13oct_mail.pdf\" target=\"_blank\" rel=\"noreferrer noopener\">Tract (format pdf)<\/a><\/p>\n\n\n<div class=\"wp-block-image\">\n<figure class=\"aligncenter size-large\"><a href=\"http:\/\/www.ulcgt69villefranche.fr\/wp-content\/uploads\/2023\/10\/Ticket-revendicatif.jpg\"><img loading=\"lazy\" width=\"651\" height=\"1024\" src=\"http:\/\/www.ulcgt69villefranche.fr\/wp-content\/uploads\/2023\/10\/Ticket-revendicatif-651x1024.jpg\" alt=\"\" class=\"wp-image-4933\" srcset=\"http:\/\/www.ulcgt69villefranche.fr\/wp-content\/uploads\/2023\/10\/Ticket-revendicatif-651x1024.jpg 651w, http:\/\/www.ulcgt69villefranche.fr\/wp-content\/uploads\/2023\/10\/Ticket-revendicatif-191x300.jpg 191w, http:\/\/www.ulcgt69villefranche.fr\/wp-content\/uploads\/2023\/10\/Ticket-revendicatif.jpg 738w\" sizes=\"(max-width: 651px) 100vw, 651px\" \/><\/a><\/figure><\/div>","protected":false},"excerpt":{"rendered":"<p>Appel \u00e0 la gr\u00e8ve et \u00e0 la manifestation \u00e0\u00a016h30 place du Promenoir (Place de la Lib\u00e9ration) Tract (format pdf)<\/p>\n","protected":false},"author":7,"featured_media":0,"comment_status":"closed","ping_status":"closed","sticky":false,"template":"","format":"standard","meta":[],"categories":[1],"tags":[],"_links":{"self":[{"href":"http:\/\/www.ulcgt69villefranche.fr\/index.php?rest_route=\/wp\/v2\/posts\/4927"}],"collection":[{"href":"http:\/\/www.ulcgt69villefranche.fr\/index.php?rest_route=\/wp\/v2\/posts"}],"about":[{"href":"http:\/\/www.ulcgt69villefranche.fr\/index.php?rest_route=\/wp\/v2\/types\/post"}],"author":[{"embeddable":true,"href":"http:\/\/www.ulcgt69villefranche.fr\/index.php?rest_route=\/wp\/v2\/users\/7"}],"replies":[{"embeddable":true,"href":"http:\/\/www.ulcgt69villefranche.fr\/index.php?rest_route=%2Fwp%2Fv2%2Fcomments&post=4927"}],"version-history":[{"count":3,"href":"http:\/\/www.ulcgt69villefranche.fr\/index.php?rest_route=\/wp\/v2\/posts\/4927\/revisions"}],"predecessor-version":[{"id":4934,"href":"http:\/\/www.ulcgt69villefranche.fr\/index.php?rest_route=\/wp\/v2\/posts\/4927\/revisions\/4934"}],"wp:attachment":[{"href":"http:\/\/www.ulcgt69villefranche.fr\/index.php?rest_route=%2Fwp%2Fv2%2Fmedia&parent=4927"}],"wp:term":[{"taxonomy":"category","embeddable":true,"href":"http:\/\/www.ulcgt69villefranche.fr\/index.php?rest_route=%2Fwp%2Fv2%2Fcategories&post=4927"},{"taxonomy":"post_tag","embeddable":true,"href":"http:\/\/www.ulcgt69villefranche.fr\/index.php?rest_route=%2Fwp%2Fv2%2Ftags&post=4927"}],"curies":[{"name":"wp","href":"https:\/\/api.w.org\/{rel}","templated":true}]}}