{"id":4908,"date":"2023-08-27T23:32:25","date_gmt":"2023-08-27T21:32:25","guid":{"rendered":"http:\/\/www.ulcgt69villefranche.fr\/?p=4908"},"modified":"2023-08-27T23:32:25","modified_gmt":"2023-08-27T21:32:25","slug":"25-aout-2023-pole-enfance-de-lagivr","status":"publish","type":"post","link":"http:\/\/www.ulcgt69villefranche.fr\/?p=4908","title":{"rendered":"25 Ao\u00fbt 2023 P\u00f4le enfance de l&rsquo;AGIVR"},"content":{"rendered":"\n<h1 class=\"has-text-align-center\">Gr\u00e8ve surprise \u00e0 l&rsquo;appel de la CGT au p\u00f4le enfance de l&rsquo;AGIVR<\/h1>\n\n\n<div class=\"wp-block-image\">\n<figure class=\"aligncenter size-large\"><a href=\"http:\/\/www.ulcgt69villefranche.fr\/wp-content\/uploads\/2023\/08\/Pole-enfance-de-lAGIVR-greve-surprise-a-lappel-de-la-CGT-scaled.jpg\"><img loading=\"lazy\" width=\"1000\" height=\"1024\" src=\"http:\/\/www.ulcgt69villefranche.fr\/wp-content\/uploads\/2023\/08\/Pole-enfance-de-lAGIVR-greve-surprise-a-lappel-de-la-CGT-1000x1024.jpg\" alt=\"\" class=\"wp-image-4909\" srcset=\"http:\/\/www.ulcgt69villefranche.fr\/wp-content\/uploads\/2023\/08\/Pole-enfance-de-lAGIVR-greve-surprise-a-lappel-de-la-CGT-1000x1024.jpg 1000w, http:\/\/www.ulcgt69villefranche.fr\/wp-content\/uploads\/2023\/08\/Pole-enfance-de-lAGIVR-greve-surprise-a-lappel-de-la-CGT-293x300.jpg 293w, http:\/\/www.ulcgt69villefranche.fr\/wp-content\/uploads\/2023\/08\/Pole-enfance-de-lAGIVR-greve-surprise-a-lappel-de-la-CGT-768x786.jpg 768w, http:\/\/www.ulcgt69villefranche.fr\/wp-content\/uploads\/2023\/08\/Pole-enfance-de-lAGIVR-greve-surprise-a-lappel-de-la-CGT-1501x1536.jpg 1501w, http:\/\/www.ulcgt69villefranche.fr\/wp-content\/uploads\/2023\/08\/Pole-enfance-de-lAGIVR-greve-surprise-a-lappel-de-la-CGT-2001x2048.jpg 2001w\" sizes=\"(max-width: 1000px) 100vw, 1000px\" \/><\/a><\/figure><\/div>","protected":false},"excerpt":{"rendered":"<p>Gr\u00e8ve surprise \u00e0 l&rsquo;appel de la CGT au p\u00f4le enfance de l&rsquo;AGIVR<\/p>\n","protected":false},"author":7,"featured_media":0,"comment_status":"closed","ping_status":"closed","sticky":false,"template":"","format":"standard","meta":[],"categories":[1],"tags":[],"_links":{"self":[{"href":"http:\/\/www.ulcgt69villefranche.fr\/index.php?rest_route=\/wp\/v2\/posts\/4908"}],"collection":[{"href":"http:\/\/www.ulcgt69villefranche.fr\/index.php?rest_route=\/wp\/v2\/posts"}],"about":[{"href":"http:\/\/www.ulcgt69villefranche.fr\/index.php?rest_route=\/wp\/v2\/types\/post"}],"author":[{"embeddable":true,"href":"http:\/\/www.ulcgt69villefranche.fr\/index.php?rest_route=\/wp\/v2\/users\/7"}],"replies":[{"embeddable":true,"href":"http:\/\/www.ulcgt69villefranche.fr\/index.php?rest_route=%2Fwp%2Fv2%2Fcomments&post=4908"}],"version-history":[{"count":1,"href":"http:\/\/www.ulcgt69villefranche.fr\/index.php?rest_route=\/wp\/v2\/posts\/4908\/revisions"}],"predecessor-version":[{"id":4910,"href":"http:\/\/www.ulcgt69villefranche.fr\/index.php?rest_route=\/wp\/v2\/posts\/4908\/revisions\/4910"}],"wp:attachment":[{"href":"http:\/\/www.ulcgt69villefranche.fr\/index.php?rest_route=%2Fwp%2Fv2%2Fmedia&parent=4908"}],"wp:term":[{"taxonomy":"category","embeddable":true,"href":"http:\/\/www.ulcgt69villefranche.fr\/index.php?rest_route=%2Fwp%2Fv2%2Fcategories&post=4908"},{"taxonomy":"post_tag","embeddable":true,"href":"http:\/\/www.ulcgt69villefranche.fr\/index.php?rest_route=%2Fwp%2Fv2%2Ftags&post=4908"}],"curies":[{"name":"wp","href":"https:\/\/api.w.org\/{rel}","templated":true}]}}