{"id":4867,"date":"2023-07-06T18:46:24","date_gmt":"2023-07-06T16:46:24","guid":{"rendered":"http:\/\/www.ulcgt69villefranche.fr\/?p=4867"},"modified":"2023-07-06T18:56:29","modified_gmt":"2023-07-06T16:56:29","slug":"13-juillet-2023-etape-du-tour-de-france-dans-le-rhone-le-13-juillet-col-de-crie-dans-le-beaujolais-vert","status":"publish","type":"post","link":"http:\/\/www.ulcgt69villefranche.fr\/?p=4867","title":{"rendered":"13 Juillet 2023 \u00c9tape du Tour de France dans le Rh\u00f4ne le 13 Juillet ! Col de Crie dans le Beaujolais vert"},"content":{"rendered":"\n<h1 class=\"has-text-align-center\"><strong>\u00c9tape du Tour de France dans le Rh\u00f4ne le 13 Juillet ! Col de Crie dans le Beaujolais vert<\/strong><\/h1>\n\n\n<div class=\"wp-block-image\">\n<figure class=\"aligncenter size-full\"><a href=\"http:\/\/www.ulcgt69villefranche.fr\/wp-content\/uploads\/2023\/07\/CGT-TDF.jpg\"><img loading=\"lazy\" width=\"406\" height=\"573\" src=\"http:\/\/www.ulcgt69villefranche.fr\/wp-content\/uploads\/2023\/07\/CGT-TDF.jpg\" alt=\"\" class=\"wp-image-4868\" srcset=\"http:\/\/www.ulcgt69villefranche.fr\/wp-content\/uploads\/2023\/07\/CGT-TDF.jpg 406w, http:\/\/www.ulcgt69villefranche.fr\/wp-content\/uploads\/2023\/07\/CGT-TDF-213x300.jpg 213w\" sizes=\"(max-width: 406px) 100vw, 406px\" \/><\/a><figcaption><a rel=\"noreferrer noopener\" href=\"https:\/\/ud69.reference-syndicale.fr\/files\/2023\/07\/tractUD-Tour-de-France-13-07-23vf-1.pdf\" target=\"_blank\"><strong>Vous trouverez ci-joint le tract de l\u2019UD CGT 69 relatif \u00e0 cet \u00e9v\u00e8nement. Il est \u00e0 diffuser et \u00e0 faire conna\u00eetre largement<\/strong><\/a><br><strong>&nbsp;<\/strong><\/figcaption><\/figure><\/div>\n\n\n<p>Cher-e camarade,<\/p>\n\n\n\n<p><strong>Comme tu le sais, le Tour de France, lors de la 12<sup>\u00e8me<\/sup>\u00a0\u00e9tape reliant Roanne \u00e0 Belleville, fera<\/strong><strong> \u00e9tape dans Le Rh\u00f4ne, au col de Crie, le 13 juillet prochain.<\/strong><strong>\u00a0(pour connaitre le lieu exact CTRL + click sur lien =<\/strong><strong>>\u00a0<\/strong><a href=\"https:\/\/goo.gl\/maps\/BMaR5tJvovdxmavF9\">https:\/\/goo.gl\/maps\/BMaR5tJvovdxmavF9<\/a><\/p>\n\n\n\n<p>Le Tour de France et la CGT, c\u2019est une longue histoire puisque la CGT, \u00e0 travers son journal, La Vie Ouvri\u00e8re, participe \u00e0 la caravane du Tour de France depuis 1947.<\/p>\n\n\n\n<p>Bien que le Tour de France, aujourd\u2019hui, soit devenu une grande op\u00e9ration commerciale, celui-ci reste encore une grande f\u00eate populaire permettant \u00e0 des millions de fran\u00e7ais,<\/p>\n\n\n\n<p>pr\u00e9sents sur les bords de routes, de participer sans avoir \u00e0 payer des prix de billets d\u2019acc\u00e8s souvent prohibitifs pour le plus grand nombre.<\/p>\n\n\n\n<p>C\u2019est le sens de la pr\u00e9sence encore aujourd\u2019hui dans la caravane du Tour de deux v\u00e9hicules estampill\u00e9s CGT \u00e0 travers notre journal la VO.<\/p>\n\n\n\n<p><strong>Nous vous invitons nombreuses et nombreux \u00e0 \u00eatre pr\u00e9sents assez t\u00f4t dans la journ\u00e9e pour assurer notre visibilit\u00e9 sur les lieux.<\/strong><\/p>\n\n\n\n<p><strong>Il nous faudra \u00eatre le plus nombreux possible pour agiter les drapeaux CGT lors du passage des coureurs et remettre aux spectateurs le petit sac de la CGT pr\u00e9par\u00e9 par l\u2019UD CGT 69. (rdv sur place d\u00e8s 8h00)<\/strong><\/p>\n\n\n\n<p><strong><mark style=\"background-color:rgba(0, 0, 0, 0)\" class=\"has-inline-color has-vivid-red-color\">\/!\\&nbsp;Il est indispensable de se faire connaitre d\u00e8s maintenant pour les camarades disponibles et\/ou pr\u00e9sent-e-s pour garantir une meilleure logistique sur place.&nbsp;(Signales ta pr\u00e9sence par retour de mail sur<\/mark>&nbsp;<a href=\"mailto:ud69@cgt.fr\">ud69@cgt.fr<\/a>&nbsp;)<\/strong>. Des camarades de l&rsquo;Union Locale seront \u00e9galement pr\u00e9sent la veille.<\/p>\n\n\n\n<p><strong><u>PS<\/u><\/strong>&nbsp;:&nbsp;<em>en raison de la fermeture des routes d\u2019acc\u00e8s en amont (d\u00e8s 9h30)&nbsp;et apr\u00e8s le passage du Tour de France, merci de prendre l\u2019ensemble de tes pr\u00e9cautions (r\u00e9serves d\u2019eau suffisante, stationnement v\u00e9hicule, horaires d\u2019arriv\u00e9e et de d\u00e9part\u2026)<\/em><\/p>\n\n\n\n<p>&nbsp;&nbsp;&nbsp;&nbsp;&nbsp;&nbsp;&nbsp;&nbsp;&nbsp;&nbsp;&nbsp;&nbsp;&nbsp;&nbsp;&nbsp;( INFO g\u00e9n\u00e9rales sur l\u2019\u00e9tape&nbsp;:&nbsp;&nbsp;Ctrl+click<strong>&nbsp;<\/strong><strong>sur lien =&gt;<\/strong><strong>&nbsp;<\/strong><a href=\"https:\/\/www.letour.fr\/fr\/etape-12\">\u00c9tape 12 \u2013 Roanne &gt; Belleville-en-Beaujolais \u2013 Tour de France 2023 (letour.fr)<\/a>&nbsp;) (+ ci-joint carte et parcours de l\u2019\u00e9tape)<\/p>\n","protected":false},"excerpt":{"rendered":"<p>\u00c9tape du Tour de France dans le Rh\u00f4ne le 13 Juillet ! Col de Crie dans le Beaujolais vert Cher-e camarade, Comme tu le sais, le Tour de France, lors de la 12\u00e8me\u00a0\u00e9tape reliant Roanne \u00e0 Belleville, fera \u00e9tape dans Le Rh\u00f4ne, au col de Crie, le 13 juillet prochain.\u00a0(pour connaitre le lieu exact CTRL [&hellip;]<\/p>\n","protected":false},"author":7,"featured_media":0,"comment_status":"closed","ping_status":"closed","sticky":false,"template":"","format":"standard","meta":[],"categories":[1],"tags":[],"_links":{"self":[{"href":"http:\/\/www.ulcgt69villefranche.fr\/index.php?rest_route=\/wp\/v2\/posts\/4867"}],"collection":[{"href":"http:\/\/www.ulcgt69villefranche.fr\/index.php?rest_route=\/wp\/v2\/posts"}],"about":[{"href":"http:\/\/www.ulcgt69villefranche.fr\/index.php?rest_route=\/wp\/v2\/types\/post"}],"author":[{"embeddable":true,"href":"http:\/\/www.ulcgt69villefranche.fr\/index.php?rest_route=\/wp\/v2\/users\/7"}],"replies":[{"embeddable":true,"href":"http:\/\/www.ulcgt69villefranche.fr\/index.php?rest_route=%2Fwp%2Fv2%2Fcomments&post=4867"}],"version-history":[{"count":3,"href":"http:\/\/www.ulcgt69villefranche.fr\/index.php?rest_route=\/wp\/v2\/posts\/4867\/revisions"}],"predecessor-version":[{"id":4872,"href":"http:\/\/www.ulcgt69villefranche.fr\/index.php?rest_route=\/wp\/v2\/posts\/4867\/revisions\/4872"}],"wp:attachment":[{"href":"http:\/\/www.ulcgt69villefranche.fr\/index.php?rest_route=%2Fwp%2Fv2%2Fmedia&parent=4867"}],"wp:term":[{"taxonomy":"category","embeddable":true,"href":"http:\/\/www.ulcgt69villefranche.fr\/index.php?rest_route=%2Fwp%2Fv2%2Fcategories&post=4867"},{"taxonomy":"post_tag","embeddable":true,"href":"http:\/\/www.ulcgt69villefranche.fr\/index.php?rest_route=%2Fwp%2Fv2%2Ftags&post=4867"}],"curies":[{"name":"wp","href":"https:\/\/api.w.org\/{rel}","templated":true}]}}