{"id":4841,"date":"2023-05-22T15:23:58","date_gmt":"2023-05-22T13:23:58","guid":{"rendered":"http:\/\/www.ulcgt69villefranche.fr\/?p=4841"},"modified":"2023-05-22T15:53:22","modified_gmt":"2023-05-22T13:53:22","slug":"6-juin-2023-en-greve-et-en-manifestation-contre-la-reforme-des-retraites-macron-borne-2","status":"publish","type":"post","link":"http:\/\/www.ulcgt69villefranche.fr\/?p=4841","title":{"rendered":"6 Juin 2023 En Gr\u00e8ve et en Manifestation contre la r\u00e9forme des retraites Macron-Borne"},"content":{"rendered":"\n<p class=\"has-text-align-center\"><a href=\"https:\/\/www.change.org\/p\/retraites-non-%C3%A0-cette-r%C3%A9forme-injuste-et-brutale-reformesdesretraites\"><strong>P\u00e9tition \u00b7 Retraites : non \u00e0 cette r\u00e9forme injuste et brutale ! \u00b7 Change.org<\/strong><\/a><\/p>\n\n\n\n<h1><a href=\"https:\/\/www.cgt.fr\/actualites\/france\/mobilisation\/6-juin-telechargez-le-kit-militant\" target=\"_blank\" rel=\"noreferrer noopener\">6 juin : t\u00e9l\u00e9chargez le kit militant<\/a><\/h1>\n\n\n\n<figure class=\"wp-block-image size-large\"><a href=\"http:\/\/www.ulcgt69villefranche.fr\/wp-content\/uploads\/2023\/05\/visuel-6-juin.png\"><img loading=\"lazy\" width=\"1024\" height=\"582\" src=\"http:\/\/www.ulcgt69villefranche.fr\/wp-content\/uploads\/2023\/05\/visuel-6-juin-1024x582.png\" alt=\"\" class=\"wp-image-4842\" srcset=\"http:\/\/www.ulcgt69villefranche.fr\/wp-content\/uploads\/2023\/05\/visuel-6-juin-1024x582.png 1024w, http:\/\/www.ulcgt69villefranche.fr\/wp-content\/uploads\/2023\/05\/visuel-6-juin-300x170.png 300w, http:\/\/www.ulcgt69villefranche.fr\/wp-content\/uploads\/2023\/05\/visuel-6-juin-768x436.png 768w, http:\/\/www.ulcgt69villefranche.fr\/wp-content\/uploads\/2023\/05\/visuel-6-juin-1536x873.png 1536w, http:\/\/www.ulcgt69villefranche.fr\/wp-content\/uploads\/2023\/05\/visuel-6-juin.png 1936w\" sizes=\"(max-width: 1024px) 100vw, 1024px\" \/><\/a><\/figure>\n\n\n\n<h2 class=\"has-text-align-center\">Plateforme intersyndicale<\/h2>\n\n\n\n<p class=\"has-text-align-center\">Cliquez <a rel=\"noreferrer noopener\" href=\"https:\/\/jusquauretrait.fr\/\" target=\"_blank\">ici<\/a>&nbsp;pour interpeller vos d\u00e9put\u00e9\u00b7es.<\/p>\n\n\n\n<h2 class=\"has-text-align-center\">Visuels unitaires<\/h2>\n\n\n\n<p>Pour cette 14e journ\u00e9e de mobilisation, des visuels vous sont propos\u00e9s en t\u00e9l\u00e9chargement.<\/p>\n\n\n\n<p>Ces visuels sont disponibles :<\/p>\n\n\n\n<ul><li>en format A3 pour collages de rue et panneaux d&rsquo;affichage<\/li><li>en .pdf (<strong><a rel=\"noreferrer noopener\" href=\"http:\/\/www.ulcgt69villefranche.fr\/wp-content\/uploads\/2023\/05\/20230511_6Juin_AfficheUnitaire_A3_CMJN.pdf\" target=\"_blank\">CMJN<\/a><\/strong> et <strong><a rel=\"noreferrer noopener\" href=\"http:\/\/www.ulcgt69villefranche.fr\/wp-content\/uploads\/2023\/05\/20230511_6Juin_AfficheUnitaire_A3.pdf\" target=\"_blank\">RVB<\/a><\/strong>)<\/li><li>en .jpeg (messageries instantan\u00e9es) : <strong><a href=\"http:\/\/www.ulcgt69villefranche.fr\/wp-content\/uploads\/2023\/05\/20230511_6Juin_AfficheUnitaire_A3_RVB.jpg\" target=\"_blank\" rel=\"noreferrer noopener\">Format A3 JPG (RVB web)<\/a><\/strong> <strong><a href=\"http:\/\/www.ulcgt69villefranche.fr\/wp-content\/uploads\/2023\/05\/20230511_6Juin_AfficheUnitaire_A3_CMJN-scaled.jpg\" target=\"_blank\" rel=\"noreferrer noopener\">Format A3 JPG (CMJN pour impression)<\/a><\/strong><\/li><li>en format <strong><a rel=\"noreferrer noopener\" href=\"http:\/\/www.ulcgt69villefranche.fr\/wp-content\/uploads\/2023\/05\/20230516_6Juin_AfficheUnitaire_1-1.jpg\" target=\"_blank\">1:1 (instagram)<\/a><\/strong>,<strong><a rel=\"noreferrer noopener\" href=\"http:\/\/www.ulcgt69villefranche.fr\/wp-content\/uploads\/2023\/05\/20230516_6Juin_AfficheUnitaire_16-9.jpg\" target=\"_blank\">16:9eme (sites et posts twitter, facebook, linkedin)<\/a><\/strong> et <strong><a rel=\"noreferrer noopener\" href=\"http:\/\/www.ulcgt69villefranche.fr\/wp-content\/uploads\/2023\/05\/20230516_6Juin_AfficheUnitaire_9-16.jpg\" target=\"_blank\">9:16eme (stories facebook et instagram)<\/a><\/strong><\/li><\/ul>\n","protected":false},"excerpt":{"rendered":"<p>P\u00e9tition \u00b7 Retraites : non \u00e0 cette r\u00e9forme injuste et brutale ! \u00b7 Change.org 6 juin : t\u00e9l\u00e9chargez le kit militant Plateforme intersyndicale Cliquez ici&nbsp;pour interpeller vos d\u00e9put\u00e9\u00b7es. Visuels unitaires Pour cette 14e journ\u00e9e de mobilisation, des visuels vous sont propos\u00e9s en t\u00e9l\u00e9chargement. Ces visuels sont disponibles : en format A3 pour collages de rue [&hellip;]<\/p>\n","protected":false},"author":7,"featured_media":0,"comment_status":"closed","ping_status":"closed","sticky":false,"template":"","format":"standard","meta":[],"categories":[1],"tags":[],"_links":{"self":[{"href":"http:\/\/www.ulcgt69villefranche.fr\/index.php?rest_route=\/wp\/v2\/posts\/4841"}],"collection":[{"href":"http:\/\/www.ulcgt69villefranche.fr\/index.php?rest_route=\/wp\/v2\/posts"}],"about":[{"href":"http:\/\/www.ulcgt69villefranche.fr\/index.php?rest_route=\/wp\/v2\/types\/post"}],"author":[{"embeddable":true,"href":"http:\/\/www.ulcgt69villefranche.fr\/index.php?rest_route=\/wp\/v2\/users\/7"}],"replies":[{"embeddable":true,"href":"http:\/\/www.ulcgt69villefranche.fr\/index.php?rest_route=%2Fwp%2Fv2%2Fcomments&post=4841"}],"version-history":[{"count":2,"href":"http:\/\/www.ulcgt69villefranche.fr\/index.php?rest_route=\/wp\/v2\/posts\/4841\/revisions"}],"predecessor-version":[{"id":4853,"href":"http:\/\/www.ulcgt69villefranche.fr\/index.php?rest_route=\/wp\/v2\/posts\/4841\/revisions\/4853"}],"wp:attachment":[{"href":"http:\/\/www.ulcgt69villefranche.fr\/index.php?rest_route=%2Fwp%2Fv2%2Fmedia&parent=4841"}],"wp:term":[{"taxonomy":"category","embeddable":true,"href":"http:\/\/www.ulcgt69villefranche.fr\/index.php?rest_route=%2Fwp%2Fv2%2Fcategories&post=4841"},{"taxonomy":"post_tag","embeddable":true,"href":"http:\/\/www.ulcgt69villefranche.fr\/index.php?rest_route=%2Fwp%2Fv2%2Ftags&post=4841"}],"curies":[{"name":"wp","href":"https:\/\/api.w.org\/{rel}","templated":true}]}}