{"id":4826,"date":"2023-05-07T22:22:08","date_gmt":"2023-05-07T20:22:08","guid":{"rendered":"http:\/\/www.ulcgt69villefranche.fr\/?p=4826"},"modified":"2023-05-07T22:22:08","modified_gmt":"2023-05-07T20:22:08","slug":"8-mai-2023-macron-a-lyon-le-8-mai-la-capitale-de-la-resistance-merite-mieux-commemorons-notre-heritage-social-en-defendant-notre-systeme-de-retraite","status":"publish","type":"post","link":"http:\/\/www.ulcgt69villefranche.fr\/?p=4826","title":{"rendered":"8 Mai 2023 Macron \u00e0 Lyon le 8 mai : La capitale de la R\u00e9sistance m\u00e9rite mieux, comm\u00e9morons notre h\u00e9ritage social en d\u00e9fendant notre syst\u00e8me de retraite"},"content":{"rendered":"\n<h1 class=\"has-text-align-center\">Rassemblement pour comm\u00e9morer l&rsquo;h\u00e9ritage Sociale du Conseil National de la R\u00e9sistance demain lundi 8 Mai \u00e0 partir de 14h<\/h1>\n\n\n\n<h2 class=\"has-text-align-center\"><strong><mark style=\"background-color:#fcb900\" class=\"has-inline-color\">Si interdiction lev\u00e9e<\/mark><\/strong> : Parc Montluc \/ <mark style=\"background-color:#fcb900\" class=\"has-inline-color\"><strong>Si interdiction maintenue<\/strong>:<\/mark> Intersection Grande Rue Guilloti\u00e8re et Avenue Fr\u00e8re Lumi\u00e8re<\/h2>\n\n\n\n<p class=\"has-text-align-center\"><strong>D\u00e9sol\u00e9 pour la diffusion tardive du rassemblement. (Nicolas)<\/strong><\/p>\n\n\n<div class=\"wp-block-image\">\n<figure class=\"aligncenter size-full\"><a href=\"http:\/\/www.ulcgt69villefranche.fr\/wp-content\/uploads\/2023\/05\/Tract-8-mai-changement-de-lieu-1.png\"><img loading=\"lazy\" width=\"562\" height=\"793\" src=\"http:\/\/www.ulcgt69villefranche.fr\/wp-content\/uploads\/2023\/05\/Tract-8-mai-changement-de-lieu-1.png\" alt=\"\" class=\"wp-image-4830\" srcset=\"http:\/\/www.ulcgt69villefranche.fr\/wp-content\/uploads\/2023\/05\/Tract-8-mai-changement-de-lieu-1.png 562w, http:\/\/www.ulcgt69villefranche.fr\/wp-content\/uploads\/2023\/05\/Tract-8-mai-changement-de-lieu-1-213x300.png 213w\" sizes=\"(max-width: 562px) 100vw, 562px\" \/><\/a><figcaption><strong><a href=\"http:\/\/www.ulcgt69villefranche.fr\/wp-content\/uploads\/2023\/05\/Communique-de-presse-8-mai-2023-rectificatif-interdiction.pdf\" target=\"_blank\" rel=\"noreferrer noopener\">Communique-de-presse-8-mai-2023<\/a><\/strong><\/figcaption><\/figure><\/div>","protected":false},"excerpt":{"rendered":"<p>Rassemblement pour comm\u00e9morer l&rsquo;h\u00e9ritage Sociale du Conseil National de la R\u00e9sistance demain lundi 8 Mai \u00e0 partir de 14h Si interdiction lev\u00e9e : Parc Montluc \/ Si interdiction maintenue: Intersection Grande Rue Guilloti\u00e8re et Avenue Fr\u00e8re Lumi\u00e8re D\u00e9sol\u00e9 pour la diffusion tardive du rassemblement. (Nicolas)<\/p>\n","protected":false},"author":7,"featured_media":0,"comment_status":"closed","ping_status":"closed","sticky":false,"template":"","format":"standard","meta":[],"categories":[1],"tags":[],"_links":{"self":[{"href":"http:\/\/www.ulcgt69villefranche.fr\/index.php?rest_route=\/wp\/v2\/posts\/4826"}],"collection":[{"href":"http:\/\/www.ulcgt69villefranche.fr\/index.php?rest_route=\/wp\/v2\/posts"}],"about":[{"href":"http:\/\/www.ulcgt69villefranche.fr\/index.php?rest_route=\/wp\/v2\/types\/post"}],"author":[{"embeddable":true,"href":"http:\/\/www.ulcgt69villefranche.fr\/index.php?rest_route=\/wp\/v2\/users\/7"}],"replies":[{"embeddable":true,"href":"http:\/\/www.ulcgt69villefranche.fr\/index.php?rest_route=%2Fwp%2Fv2%2Fcomments&post=4826"}],"version-history":[{"count":4,"href":"http:\/\/www.ulcgt69villefranche.fr\/index.php?rest_route=\/wp\/v2\/posts\/4826\/revisions"}],"predecessor-version":[{"id":4832,"href":"http:\/\/www.ulcgt69villefranche.fr\/index.php?rest_route=\/wp\/v2\/posts\/4826\/revisions\/4832"}],"wp:attachment":[{"href":"http:\/\/www.ulcgt69villefranche.fr\/index.php?rest_route=%2Fwp%2Fv2%2Fmedia&parent=4826"}],"wp:term":[{"taxonomy":"category","embeddable":true,"href":"http:\/\/www.ulcgt69villefranche.fr\/index.php?rest_route=%2Fwp%2Fv2%2Fcategories&post=4826"},{"taxonomy":"post_tag","embeddable":true,"href":"http:\/\/www.ulcgt69villefranche.fr\/index.php?rest_route=%2Fwp%2Fv2%2Ftags&post=4826"}],"curies":[{"name":"wp","href":"https:\/\/api.w.org\/{rel}","templated":true}]}}