{"id":4705,"date":"2023-04-07T21:58:56","date_gmt":"2023-04-07T19:58:56","guid":{"rendered":"http:\/\/www.ulcgt69villefranche.fr\/?p=4705"},"modified":"2023-04-11T17:00:43","modified_gmt":"2023-04-11T15:00:43","slug":"13-avril-2023-manifestation-11eme-vague-toutes-et-tous-en-greve-et-en-manifestation","status":"publish","type":"post","link":"http:\/\/www.ulcgt69villefranche.fr\/?p=4705","title":{"rendered":"13 Avril 2023 Manifestation : 12\u00e8me vague, toutes et tous en Gr\u00e8ve et en Manifestation"},"content":{"rendered":"\n<h1 class=\"has-text-align-center\">Manifestation 16h30 Place du promenoir <\/h1>\n\n\n\n<h1 class=\"has-text-align-center\">Il est temps que le gouvernement nous entende !<\/h1>\n\n\n<div class=\"wp-block-image\">\n<figure class=\"aligncenter size-large\"><a href=\"http:\/\/www.ulcgt69villefranche.fr\/wp-content\/uploads\/2023\/04\/CP-Intersyndical-6-avril-2023-1.jpg\"><img loading=\"lazy\" width=\"724\" height=\"1024\" src=\"http:\/\/www.ulcgt69villefranche.fr\/wp-content\/uploads\/2023\/04\/CP-Intersyndical-6-avril-2023-1-724x1024.jpg\" alt=\"\" class=\"wp-image-4713\" srcset=\"http:\/\/www.ulcgt69villefranche.fr\/wp-content\/uploads\/2023\/04\/CP-Intersyndical-6-avril-2023-1-724x1024.jpg 724w, http:\/\/www.ulcgt69villefranche.fr\/wp-content\/uploads\/2023\/04\/CP-Intersyndical-6-avril-2023-1-212x300.jpg 212w, http:\/\/www.ulcgt69villefranche.fr\/wp-content\/uploads\/2023\/04\/CP-Intersyndical-6-avril-2023-1-768x1086.jpg 768w, http:\/\/www.ulcgt69villefranche.fr\/wp-content\/uploads\/2023\/04\/CP-Intersyndical-6-avril-2023-1-1086x1536.jpg 1086w, http:\/\/www.ulcgt69villefranche.fr\/wp-content\/uploads\/2023\/04\/CP-Intersyndical-6-avril-2023-1.jpg 1240w\" sizes=\"(max-width: 724px) 100vw, 724px\" \/><\/a><figcaption><strong><a rel=\"noreferrer noopener\" href=\"http:\/\/www.ulcgt69villefranche.fr\/wp-content\/uploads\/2023\/04\/CP-Intersyndical-6-avril-2023.pdf\" target=\"_blank\">Communiqu\u00e9 Intersyndical National (Format pdf)<\/a><\/strong><\/figcaption><\/figure><\/div>\n\n<div class=\"wp-block-image\">\n<figure class=\"aligncenter size-large\"><a href=\"http:\/\/www.ulcgt69villefranche.fr\/wp-content\/uploads\/2023\/04\/Communique-intersyndical-departemental-du-Rhone-07-avril-2023.jpg\"><img loading=\"lazy\" width=\"724\" height=\"1024\" src=\"http:\/\/www.ulcgt69villefranche.fr\/wp-content\/uploads\/2023\/04\/Communique-intersyndical-departemental-du-Rhone-07-avril-2023-724x1024.jpg\" alt=\"\" class=\"wp-image-4710\" srcset=\"http:\/\/www.ulcgt69villefranche.fr\/wp-content\/uploads\/2023\/04\/Communique-intersyndical-departemental-du-Rhone-07-avril-2023-724x1024.jpg 724w, http:\/\/www.ulcgt69villefranche.fr\/wp-content\/uploads\/2023\/04\/Communique-intersyndical-departemental-du-Rhone-07-avril-2023-212x300.jpg 212w, http:\/\/www.ulcgt69villefranche.fr\/wp-content\/uploads\/2023\/04\/Communique-intersyndical-departemental-du-Rhone-07-avril-2023-768x1086.jpg 768w, http:\/\/www.ulcgt69villefranche.fr\/wp-content\/uploads\/2023\/04\/Communique-intersyndical-departemental-du-Rhone-07-avril-2023-1086x1536.jpg 1086w, http:\/\/www.ulcgt69villefranche.fr\/wp-content\/uploads\/2023\/04\/Communique-intersyndical-departemental-du-Rhone-07-avril-2023.jpg 1240w\" sizes=\"(max-width: 724px) 100vw, 724px\" \/><\/a><figcaption><strong><a href=\"http:\/\/www.ulcgt69villefranche.fr\/wp-content\/uploads\/2023\/04\/Communique-intersyndical-departemental-du-Rhone-07-avril-2023.pdf\" target=\"_blank\" rel=\"noreferrer noopener\">Communiqu\u00e9 Intersyndical d\u00e9partemental du Rh\u00f4ne (Format pdf)<\/a><\/strong><\/figcaption><\/figure><\/div>\n\n<div class=\"wp-block-image\">\n<figure class=\"aligncenter size-large\"><a href=\"http:\/\/www.ulcgt69villefranche.fr\/wp-content\/uploads\/2023\/04\/tractUD69-actions-semaine-15-VDEF.jpg\"><img loading=\"lazy\" width=\"724\" height=\"1024\" src=\"http:\/\/www.ulcgt69villefranche.fr\/wp-content\/uploads\/2023\/04\/tractUD69-actions-semaine-15-VDEF-724x1024.jpg\" alt=\"\" class=\"wp-image-4711\" srcset=\"http:\/\/www.ulcgt69villefranche.fr\/wp-content\/uploads\/2023\/04\/tractUD69-actions-semaine-15-VDEF-724x1024.jpg 724w, http:\/\/www.ulcgt69villefranche.fr\/wp-content\/uploads\/2023\/04\/tractUD69-actions-semaine-15-VDEF-212x300.jpg 212w, http:\/\/www.ulcgt69villefranche.fr\/wp-content\/uploads\/2023\/04\/tractUD69-actions-semaine-15-VDEF-768x1086.jpg 768w, http:\/\/www.ulcgt69villefranche.fr\/wp-content\/uploads\/2023\/04\/tractUD69-actions-semaine-15-VDEF-1086x1536.jpg 1086w, http:\/\/www.ulcgt69villefranche.fr\/wp-content\/uploads\/2023\/04\/tractUD69-actions-semaine-15-VDEF.jpg 1240w\" sizes=\"(max-width: 724px) 100vw, 724px\" \/><\/a><figcaption><strong><a href=\"http:\/\/www.ulcgt69villefranche.fr\/wp-content\/uploads\/2023\/04\/tractUD69-actions-semaine-15-VDEF.pdf\" target=\"_blank\" rel=\"noreferrer noopener\">Tract UD (Format pdf)<\/a><\/strong><\/figcaption><\/figure><\/div>","protected":false},"excerpt":{"rendered":"<p>Manifestation 16h30 Place du promenoir Il est temps que le gouvernement nous entende !<\/p>\n","protected":false},"author":7,"featured_media":0,"comment_status":"closed","ping_status":"closed","sticky":false,"template":"","format":"standard","meta":[],"categories":[1],"tags":[],"_links":{"self":[{"href":"http:\/\/www.ulcgt69villefranche.fr\/index.php?rest_route=\/wp\/v2\/posts\/4705"}],"collection":[{"href":"http:\/\/www.ulcgt69villefranche.fr\/index.php?rest_route=\/wp\/v2\/posts"}],"about":[{"href":"http:\/\/www.ulcgt69villefranche.fr\/index.php?rest_route=\/wp\/v2\/types\/post"}],"author":[{"embeddable":true,"href":"http:\/\/www.ulcgt69villefranche.fr\/index.php?rest_route=\/wp\/v2\/users\/7"}],"replies":[{"embeddable":true,"href":"http:\/\/www.ulcgt69villefranche.fr\/index.php?rest_route=%2Fwp%2Fv2%2Fcomments&post=4705"}],"version-history":[{"count":5,"href":"http:\/\/www.ulcgt69villefranche.fr\/index.php?rest_route=\/wp\/v2\/posts\/4705\/revisions"}],"predecessor-version":[{"id":4717,"href":"http:\/\/www.ulcgt69villefranche.fr\/index.php?rest_route=\/wp\/v2\/posts\/4705\/revisions\/4717"}],"wp:attachment":[{"href":"http:\/\/www.ulcgt69villefranche.fr\/index.php?rest_route=%2Fwp%2Fv2%2Fmedia&parent=4705"}],"wp:term":[{"taxonomy":"category","embeddable":true,"href":"http:\/\/www.ulcgt69villefranche.fr\/index.php?rest_route=%2Fwp%2Fv2%2Fcategories&post=4705"},{"taxonomy":"post_tag","embeddable":true,"href":"http:\/\/www.ulcgt69villefranche.fr\/index.php?rest_route=%2Fwp%2Fv2%2Ftags&post=4705"}],"curies":[{"name":"wp","href":"https:\/\/api.w.org\/{rel}","templated":true}]}}