{"id":4699,"date":"2023-03-30T23:31:08","date_gmt":"2023-03-30T21:31:08","guid":{"rendered":"http:\/\/www.ulcgt69villefranche.fr\/?p=4699"},"modified":"2023-03-30T23:31:08","modified_gmt":"2023-03-30T21:31:08","slug":"06-avril-2023-manifestation-11eme-vague-toutes-et-tous-en-greve-et-en-manifestation","status":"publish","type":"post","link":"http:\/\/www.ulcgt69villefranche.fr\/?p=4699","title":{"rendered":"06 Avril 2023 Manifestation : 11\u00e8me vague, toutes et tous en Gr\u00e8ve et en Manifestation"},"content":{"rendered":"\n<h1 class=\"has-text-align-center\">Manifestation 16h30 Place du promenoir ENSEMBLE et DETERMINE.E.S POUR LE REJET DE CETTE REFORME !<\/h1>\n\n\n<div class=\"wp-block-image\">\n<figure class=\"aligncenter size-large\"><a href=\"http:\/\/www.ulcgt69villefranche.fr\/wp-content\/uploads\/2023\/03\/Tract-UD-CGT69-6-avril.jpg\"><img loading=\"lazy\" width=\"724\" height=\"1024\" src=\"http:\/\/www.ulcgt69villefranche.fr\/wp-content\/uploads\/2023\/03\/Tract-UD-CGT69-6-avril-724x1024.jpg\" alt=\"\" class=\"wp-image-4700\" srcset=\"http:\/\/www.ulcgt69villefranche.fr\/wp-content\/uploads\/2023\/03\/Tract-UD-CGT69-6-avril-724x1024.jpg 724w, http:\/\/www.ulcgt69villefranche.fr\/wp-content\/uploads\/2023\/03\/Tract-UD-CGT69-6-avril-212x300.jpg 212w, http:\/\/www.ulcgt69villefranche.fr\/wp-content\/uploads\/2023\/03\/Tract-UD-CGT69-6-avril-768x1086.jpg 768w, http:\/\/www.ulcgt69villefranche.fr\/wp-content\/uploads\/2023\/03\/Tract-UD-CGT69-6-avril-1086x1536.jpg 1086w, http:\/\/www.ulcgt69villefranche.fr\/wp-content\/uploads\/2023\/03\/Tract-UD-CGT69-6-avril.jpg 1240w\" sizes=\"(max-width: 724px) 100vw, 724px\" \/><\/a><figcaption><strong><a rel=\"noreferrer noopener\" href=\"http:\/\/www.ulcgt69villefranche.fr\/wp-content\/uploads\/2023\/03\/Tract-UD-CGT69-6-avril.pdf\" target=\"_blank\">Tract UD<\/a><a rel=\"noreferrer noopener\" href=\"http:\/\/www.ulcgt69villefranche.fr\/wp-content\/uploads\/2023\/03\/Tract-UD-CGT69-6-avril.pdf\" target=\"_blank\"> <\/a><\/strong><strong><a rel=\"noreferrer noopener\" href=\"http:\/\/www.ulcgt69villefranche.fr\/wp-content\/uploads\/2023\/03\/Tract-UD-CGT69-6-avril.pdf\" target=\"_blank\">\u00e0 t\u00e9l\u00e9charger<\/a><\/strong><\/figcaption><\/figure><\/div>","protected":false},"excerpt":{"rendered":"<p>Manifestation 16h30 Place du promenoir ENSEMBLE et DETERMINE.E.S POUR LE REJET DE CETTE REFORME !<\/p>\n","protected":false},"author":7,"featured_media":0,"comment_status":"closed","ping_status":"closed","sticky":false,"template":"","format":"standard","meta":[],"categories":[1],"tags":[],"_links":{"self":[{"href":"http:\/\/www.ulcgt69villefranche.fr\/index.php?rest_route=\/wp\/v2\/posts\/4699"}],"collection":[{"href":"http:\/\/www.ulcgt69villefranche.fr\/index.php?rest_route=\/wp\/v2\/posts"}],"about":[{"href":"http:\/\/www.ulcgt69villefranche.fr\/index.php?rest_route=\/wp\/v2\/types\/post"}],"author":[{"embeddable":true,"href":"http:\/\/www.ulcgt69villefranche.fr\/index.php?rest_route=\/wp\/v2\/users\/7"}],"replies":[{"embeddable":true,"href":"http:\/\/www.ulcgt69villefranche.fr\/index.php?rest_route=%2Fwp%2Fv2%2Fcomments&post=4699"}],"version-history":[{"count":1,"href":"http:\/\/www.ulcgt69villefranche.fr\/index.php?rest_route=\/wp\/v2\/posts\/4699\/revisions"}],"predecessor-version":[{"id":4702,"href":"http:\/\/www.ulcgt69villefranche.fr\/index.php?rest_route=\/wp\/v2\/posts\/4699\/revisions\/4702"}],"wp:attachment":[{"href":"http:\/\/www.ulcgt69villefranche.fr\/index.php?rest_route=%2Fwp%2Fv2%2Fmedia&parent=4699"}],"wp:term":[{"taxonomy":"category","embeddable":true,"href":"http:\/\/www.ulcgt69villefranche.fr\/index.php?rest_route=%2Fwp%2Fv2%2Fcategories&post=4699"},{"taxonomy":"post_tag","embeddable":true,"href":"http:\/\/www.ulcgt69villefranche.fr\/index.php?rest_route=%2Fwp%2Fv2%2Ftags&post=4699"}],"curies":[{"name":"wp","href":"https:\/\/api.w.org\/{rel}","templated":true}]}}