{"id":4673,"date":"2023-03-17T15:21:04","date_gmt":"2023-03-17T14:21:04","guid":{"rendered":"http:\/\/www.ulcgt69villefranche.fr\/?p=4673"},"modified":"2023-03-17T23:35:02","modified_gmt":"2023-03-17T22:35:02","slug":"21-mars-2023-manifestation-non-au-49-3-et-au-coup-detat-social","status":"publish","type":"post","link":"http:\/\/www.ulcgt69villefranche.fr\/?p=4673","title":{"rendered":"21 Mars 2023 Manifestation : Non au 49.3 et au coup d&rsquo;Etat social !!!"},"content":{"rendered":"\n<h1 class=\"has-text-align-center\">Manifestation le Mardi 21 Mars 2023, D\u00e9part 14h00 Place de la Lib\u00e9ration (Place du Promenoir) <\/h1>\n\n\n\n<h1 class=\"has-text-align-center\"><strong>Non au 49.3 et au coup d&rsquo;Etat social ! Et c&rsquo;est toujours non \u00e0 la retraite \u00e0 64 ans !!<\/strong><\/h1>\n\n\n<div class=\"wp-block-image\">\n<figure class=\"aligncenter size-large\"><a href=\"http:\/\/www.ulcgt69villefranche.fr\/wp-content\/uploads\/2023\/03\/RETRAITES-NON-au-49.3-et-au-coup-dEtat-social.jpg\"><img loading=\"lazy\" width=\"873\" height=\"1024\" src=\"http:\/\/www.ulcgt69villefranche.fr\/wp-content\/uploads\/2023\/03\/RETRAITES-NON-au-49.3-et-au-coup-dEtat-social-873x1024.jpg\" alt=\"\" class=\"wp-image-4674\" srcset=\"http:\/\/www.ulcgt69villefranche.fr\/wp-content\/uploads\/2023\/03\/RETRAITES-NON-au-49.3-et-au-coup-dEtat-social-873x1024.jpg 873w, http:\/\/www.ulcgt69villefranche.fr\/wp-content\/uploads\/2023\/03\/RETRAITES-NON-au-49.3-et-au-coup-dEtat-social-256x300.jpg 256w, http:\/\/www.ulcgt69villefranche.fr\/wp-content\/uploads\/2023\/03\/RETRAITES-NON-au-49.3-et-au-coup-dEtat-social-768x901.jpg 768w, http:\/\/www.ulcgt69villefranche.fr\/wp-content\/uploads\/2023\/03\/RETRAITES-NON-au-49.3-et-au-coup-dEtat-social.jpg 1051w\" sizes=\"(max-width: 873px) 100vw, 873px\" \/><\/a><figcaption><strong><a href=\"http:\/\/www.ulcgt69villefranche.fr\/wp-content\/uploads\/2023\/03\/TRACT-21-mars-2023.pdf\" target=\"_blank\" rel=\"noreferrer noopener\">T\u00e9l\u00e9charger tract UL <\/a><\/strong><\/figcaption><\/figure><\/div>","protected":false},"excerpt":{"rendered":"<p>Manifestation le Mardi 21 Mars 2023, D\u00e9part 14h00 Place de la Lib\u00e9ration (Place du Promenoir) Non au 49.3 et au coup d&rsquo;Etat social ! Et c&rsquo;est toujours non \u00e0 la retraite \u00e0 64 ans !!<\/p>\n","protected":false},"author":7,"featured_media":0,"comment_status":"closed","ping_status":"closed","sticky":false,"template":"","format":"standard","meta":[],"categories":[1],"tags":[],"_links":{"self":[{"href":"http:\/\/www.ulcgt69villefranche.fr\/index.php?rest_route=\/wp\/v2\/posts\/4673"}],"collection":[{"href":"http:\/\/www.ulcgt69villefranche.fr\/index.php?rest_route=\/wp\/v2\/posts"}],"about":[{"href":"http:\/\/www.ulcgt69villefranche.fr\/index.php?rest_route=\/wp\/v2\/types\/post"}],"author":[{"embeddable":true,"href":"http:\/\/www.ulcgt69villefranche.fr\/index.php?rest_route=\/wp\/v2\/users\/7"}],"replies":[{"embeddable":true,"href":"http:\/\/www.ulcgt69villefranche.fr\/index.php?rest_route=%2Fwp%2Fv2%2Fcomments&post=4673"}],"version-history":[{"count":3,"href":"http:\/\/www.ulcgt69villefranche.fr\/index.php?rest_route=\/wp\/v2\/posts\/4673\/revisions"}],"predecessor-version":[{"id":4679,"href":"http:\/\/www.ulcgt69villefranche.fr\/index.php?rest_route=\/wp\/v2\/posts\/4673\/revisions\/4679"}],"wp:attachment":[{"href":"http:\/\/www.ulcgt69villefranche.fr\/index.php?rest_route=%2Fwp%2Fv2%2Fmedia&parent=4673"}],"wp:term":[{"taxonomy":"category","embeddable":true,"href":"http:\/\/www.ulcgt69villefranche.fr\/index.php?rest_route=%2Fwp%2Fv2%2Fcategories&post=4673"},{"taxonomy":"post_tag","embeddable":true,"href":"http:\/\/www.ulcgt69villefranche.fr\/index.php?rest_route=%2Fwp%2Fv2%2Ftags&post=4673"}],"curies":[{"name":"wp","href":"https:\/\/api.w.org\/{rel}","templated":true}]}}