{"id":4601,"date":"2023-03-12T14:29:24","date_gmt":"2023-03-12T13:29:24","guid":{"rendered":"http:\/\/www.ulcgt69villefranche.fr\/?p=4601"},"modified":"2023-03-12T16:03:42","modified_gmt":"2023-03-12T15:03:42","slug":"15-mars-2023-faisons-tomber-cette-reforme","status":"publish","type":"post","link":"http:\/\/www.ulcgt69villefranche.fr\/?p=4601","title":{"rendered":"15 Mars 2023 : Faisons tomber cette r\u00e9forme !"},"content":{"rendered":"\n<h1 class=\"has-text-align-center\"><strong>Manifestation Mercredi 15 Mars 2023 RDV 16H30 au environ du 413 Rue Philippe H\u00e9ron<\/strong> (Permanence du d\u00e9put\u00e9 Mr Portier)<\/h1>\n\n\n<div class=\"wp-block-image\">\n<figure class=\"aligncenter size-large\"><a href=\"http:\/\/www.ulcgt69villefranche.fr\/wp-content\/uploads\/2023\/03\/179-tractUDCGT69-15-mars.jpg\"><img loading=\"lazy\" width=\"724\" height=\"1024\" src=\"http:\/\/www.ulcgt69villefranche.fr\/wp-content\/uploads\/2023\/03\/179-tractUDCGT69-15-mars-724x1024.jpg\" alt=\"\" class=\"wp-image-4603\" srcset=\"http:\/\/www.ulcgt69villefranche.fr\/wp-content\/uploads\/2023\/03\/179-tractUDCGT69-15-mars-724x1024.jpg 724w, http:\/\/www.ulcgt69villefranche.fr\/wp-content\/uploads\/2023\/03\/179-tractUDCGT69-15-mars-212x300.jpg 212w, http:\/\/www.ulcgt69villefranche.fr\/wp-content\/uploads\/2023\/03\/179-tractUDCGT69-15-mars-768x1086.jpg 768w, http:\/\/www.ulcgt69villefranche.fr\/wp-content\/uploads\/2023\/03\/179-tractUDCGT69-15-mars-1086x1536.jpg 1086w, http:\/\/www.ulcgt69villefranche.fr\/wp-content\/uploads\/2023\/03\/179-tractUDCGT69-15-mars.jpg 1240w\" sizes=\"(max-width: 724px) 100vw, 724px\" \/><\/a><figcaption><a href=\"http:\/\/www.ulcgt69villefranche.fr\/wp-content\/uploads\/2023\/03\/179-tractUDCGT69-15-mars.pdf\" target=\"_blank\" rel=\"noreferrer noopener\">T\u00e9l\u00e9charger le Tract du mercredi 15 Mars 2023 (UD CGT pdf)<\/a><\/figcaption><\/figure><\/div>","protected":false},"excerpt":{"rendered":"<p>Manifestation Mercredi 15 Mars 2023 RDV 16H30 au environ du 413 Rue Philippe H\u00e9ron (Permanence du d\u00e9put\u00e9 Mr Portier)<\/p>\n","protected":false},"author":7,"featured_media":0,"comment_status":"closed","ping_status":"closed","sticky":false,"template":"","format":"standard","meta":[],"categories":[1],"tags":[],"_links":{"self":[{"href":"http:\/\/www.ulcgt69villefranche.fr\/index.php?rest_route=\/wp\/v2\/posts\/4601"}],"collection":[{"href":"http:\/\/www.ulcgt69villefranche.fr\/index.php?rest_route=\/wp\/v2\/posts"}],"about":[{"href":"http:\/\/www.ulcgt69villefranche.fr\/index.php?rest_route=\/wp\/v2\/types\/post"}],"author":[{"embeddable":true,"href":"http:\/\/www.ulcgt69villefranche.fr\/index.php?rest_route=\/wp\/v2\/users\/7"}],"replies":[{"embeddable":true,"href":"http:\/\/www.ulcgt69villefranche.fr\/index.php?rest_route=%2Fwp%2Fv2%2Fcomments&post=4601"}],"version-history":[{"count":4,"href":"http:\/\/www.ulcgt69villefranche.fr\/index.php?rest_route=\/wp\/v2\/posts\/4601\/revisions"}],"predecessor-version":[{"id":4607,"href":"http:\/\/www.ulcgt69villefranche.fr\/index.php?rest_route=\/wp\/v2\/posts\/4601\/revisions\/4607"}],"wp:attachment":[{"href":"http:\/\/www.ulcgt69villefranche.fr\/index.php?rest_route=%2Fwp%2Fv2%2Fmedia&parent=4601"}],"wp:term":[{"taxonomy":"category","embeddable":true,"href":"http:\/\/www.ulcgt69villefranche.fr\/index.php?rest_route=%2Fwp%2Fv2%2Fcategories&post=4601"},{"taxonomy":"post_tag","embeddable":true,"href":"http:\/\/www.ulcgt69villefranche.fr\/index.php?rest_route=%2Fwp%2Fv2%2Ftags&post=4601"}],"curies":[{"name":"wp","href":"https:\/\/api.w.org\/{rel}","templated":true}]}}