{"id":4537,"date":"2023-02-14T15:37:23","date_gmt":"2023-02-14T14:37:23","guid":{"rendered":"http:\/\/www.ulcgt69villefranche.fr\/?p=4537"},"modified":"2023-02-14T15:38:30","modified_gmt":"2023-02-14T14:38:30","slug":"16-fevrier-2023-5eme-vague-de-manifestation","status":"publish","type":"post","link":"http:\/\/www.ulcgt69villefranche.fr\/?p=4537","title":{"rendered":"16 F\u00e9vrier 2023 5\u00e8me vague de manifestation"},"content":{"rendered":"\n<h3 class=\"has-text-align-center\"><mark style=\"background-color:rgba(0, 0, 0, 0)\" class=\"has-inline-color has-vivid-cyan-blue-color\">NON<\/mark> AU REPORT DE L&rsquo;\u00c2GE LEGAL DE DEPART EN RETRAITE<\/h3>\n\n\n\n<h3 class=\"has-text-align-center\"><mark style=\"background-color:rgba(0, 0, 0, 0)\" class=\"has-inline-color has-vivid-green-cyan-color\">OUI <\/mark>A LA RETRAITE <mark style=\"background-color:rgba(0, 0, 0, 0)\" class=\"has-inline-color has-vivid-green-cyan-color\">A 60 ANS<\/mark><\/h3>\n\n\n\n<h1 class=\"has-text-align-center\">Manifestation \u00e0 Villefranche RDV \u00e0 16h30 place de la Lib\u00e9ration<\/h1>\n\n\n\n<div style=\"width: 565px;\" class=\"wp-video\"><!--[if lt IE 9]><script>document.createElement('video');<\/script><![endif]-->\n<video class=\"wp-video-shortcode\" id=\"video-4537-1\" width=\"565\" height=\"318\" preload=\"metadata\" controls=\"controls\"><source type=\"video\/mp4\" src=\"http:\/\/www.ulcgt69villefranche.fr\/wp-content\/uploads\/2023\/02\/VID_20230119_172620.mp4?_=1\" \/><a href=\"http:\/\/www.ulcgt69villefranche.fr\/wp-content\/uploads\/2023\/02\/VID_20230119_172620.mp4\">http:\/\/www.ulcgt69villefranche.fr\/wp-content\/uploads\/2023\/02\/VID_20230119_172620.mp4<\/a><\/video><\/div>\n\n\n\n<figure class=\"wp-block-image size-large\"><a href=\"http:\/\/www.ulcgt69villefranche.fr\/wp-content\/uploads\/2023\/02\/TRACT-16-02-2023.jpg\"><img loading=\"lazy\" width=\"724\" height=\"1024\" src=\"http:\/\/www.ulcgt69villefranche.fr\/wp-content\/uploads\/2023\/02\/TRACT-16-02-2023-724x1024.jpg\" alt=\"\" class=\"wp-image-4541\" srcset=\"http:\/\/www.ulcgt69villefranche.fr\/wp-content\/uploads\/2023\/02\/TRACT-16-02-2023-724x1024.jpg 724w, http:\/\/www.ulcgt69villefranche.fr\/wp-content\/uploads\/2023\/02\/TRACT-16-02-2023-212x300.jpg 212w, http:\/\/www.ulcgt69villefranche.fr\/wp-content\/uploads\/2023\/02\/TRACT-16-02-2023-768x1086.jpg 768w, http:\/\/www.ulcgt69villefranche.fr\/wp-content\/uploads\/2023\/02\/TRACT-16-02-2023-1086x1536.jpg 1086w, http:\/\/www.ulcgt69villefranche.fr\/wp-content\/uploads\/2023\/02\/TRACT-16-02-2023.jpg 1240w\" sizes=\"(max-width: 724px) 100vw, 724px\" \/><\/a><figcaption><strong><a href=\"http:\/\/www.ulcgt69villefranche.fr\/wp-content\/uploads\/2023\/02\/TRACT-16-02-2023.pdf\" target=\"_blank\" rel=\"noreferrer noopener\">Tract UD \u00e0 t\u00e9l\u00e9charger<\/a><\/strong><\/figcaption><\/figure>\n\n\n\n<figure class=\"wp-block-image size-large\"><a href=\"http:\/\/www.ulcgt69villefranche.fr\/wp-content\/uploads\/2023\/02\/DSC_0072-scaled.jpg\"><img loading=\"lazy\" width=\"1024\" height=\"678\" src=\"http:\/\/www.ulcgt69villefranche.fr\/wp-content\/uploads\/2023\/02\/DSC_0072-1024x678.jpg\" alt=\"\" class=\"wp-image-4545\" srcset=\"http:\/\/www.ulcgt69villefranche.fr\/wp-content\/uploads\/2023\/02\/DSC_0072-1024x678.jpg 1024w, http:\/\/www.ulcgt69villefranche.fr\/wp-content\/uploads\/2023\/02\/DSC_0072-300x199.jpg 300w, http:\/\/www.ulcgt69villefranche.fr\/wp-content\/uploads\/2023\/02\/DSC_0072-768x509.jpg 768w, http:\/\/www.ulcgt69villefranche.fr\/wp-content\/uploads\/2023\/02\/DSC_0072-1536x1017.jpg 1536w, http:\/\/www.ulcgt69villefranche.fr\/wp-content\/uploads\/2023\/02\/DSC_0072-2048x1356.jpg 2048w\" sizes=\"(max-width: 1024px) 100vw, 1024px\" \/><\/a><figcaption><strong>Avec la pr\u00e9sence de manifestants de diverses associations<\/strong><\/figcaption><\/figure>\n\n\n\n<figure class=\"wp-block-image size-large\"><a href=\"http:\/\/www.ulcgt69villefranche.fr\/wp-content\/uploads\/2023\/02\/DSC_0057-1-scaled.jpg\"><img loading=\"lazy\" width=\"1024\" height=\"678\" src=\"http:\/\/www.ulcgt69villefranche.fr\/wp-content\/uploads\/2023\/02\/DSC_0057-1-1024x678.jpg\" alt=\"\" class=\"wp-image-4547\" srcset=\"http:\/\/www.ulcgt69villefranche.fr\/wp-content\/uploads\/2023\/02\/DSC_0057-1-1024x678.jpg 1024w, http:\/\/www.ulcgt69villefranche.fr\/wp-content\/uploads\/2023\/02\/DSC_0057-1-300x199.jpg 300w, http:\/\/www.ulcgt69villefranche.fr\/wp-content\/uploads\/2023\/02\/DSC_0057-1-768x509.jpg 768w, http:\/\/www.ulcgt69villefranche.fr\/wp-content\/uploads\/2023\/02\/DSC_0057-1-1536x1017.jpg 1536w, http:\/\/www.ulcgt69villefranche.fr\/wp-content\/uploads\/2023\/02\/DSC_0057-1-2048x1356.jpg 2048w\" sizes=\"(max-width: 1024px) 100vw, 1024px\" \/><\/a><figcaption><strong>Etc.\u2026<\/strong><\/figcaption><\/figure>\n","protected":false},"excerpt":{"rendered":"<p>NON AU REPORT DE L&rsquo;\u00c2GE LEGAL DE DEPART EN RETRAITE OUI A LA RETRAITE A 60 ANS Manifestation \u00e0 Villefranche RDV \u00e0 16h30 place de la Lib\u00e9ration http:\/\/www.ulcgt69villefranche.fr\/wp-content\/uploads\/2023\/02\/VID_20230119_172620.mp4<\/p>\n","protected":false},"author":7,"featured_media":0,"comment_status":"closed","ping_status":"closed","sticky":false,"template":"","format":"standard","meta":[],"categories":[1],"tags":[],"_links":{"self":[{"href":"http:\/\/www.ulcgt69villefranche.fr\/index.php?rest_route=\/wp\/v2\/posts\/4537"}],"collection":[{"href":"http:\/\/www.ulcgt69villefranche.fr\/index.php?rest_route=\/wp\/v2\/posts"}],"about":[{"href":"http:\/\/www.ulcgt69villefranche.fr\/index.php?rest_route=\/wp\/v2\/types\/post"}],"author":[{"embeddable":true,"href":"http:\/\/www.ulcgt69villefranche.fr\/index.php?rest_route=\/wp\/v2\/users\/7"}],"replies":[{"embeddable":true,"href":"http:\/\/www.ulcgt69villefranche.fr\/index.php?rest_route=%2Fwp%2Fv2%2Fcomments&post=4537"}],"version-history":[{"count":7,"href":"http:\/\/www.ulcgt69villefranche.fr\/index.php?rest_route=\/wp\/v2\/posts\/4537\/revisions"}],"predecessor-version":[{"id":4549,"href":"http:\/\/www.ulcgt69villefranche.fr\/index.php?rest_route=\/wp\/v2\/posts\/4537\/revisions\/4549"}],"wp:attachment":[{"href":"http:\/\/www.ulcgt69villefranche.fr\/index.php?rest_route=%2Fwp%2Fv2%2Fmedia&parent=4537"}],"wp:term":[{"taxonomy":"category","embeddable":true,"href":"http:\/\/www.ulcgt69villefranche.fr\/index.php?rest_route=%2Fwp%2Fv2%2Fcategories&post=4537"},{"taxonomy":"post_tag","embeddable":true,"href":"http:\/\/www.ulcgt69villefranche.fr\/index.php?rest_route=%2Fwp%2Fv2%2Ftags&post=4537"}],"curies":[{"name":"wp","href":"https:\/\/api.w.org\/{rel}","templated":true}]}}