{"id":4481,"date":"2023-02-10T17:39:22","date_gmt":"2023-02-10T16:39:22","guid":{"rendered":"http:\/\/www.ulcgt69villefranche.fr\/?p=4481"},"modified":"2023-02-10T17:40:43","modified_gmt":"2023-02-10T16:40:43","slug":"11-fevrier-2023-4eme-vague-de-manifestation","status":"publish","type":"post","link":"http:\/\/www.ulcgt69villefranche.fr\/?p=4481","title":{"rendered":"11 F\u00e9vrier 2023 4\u00e8me vague de manifestation"},"content":{"rendered":"\n<h3 class=\"has-text-align-center\"><mark style=\"background-color:rgba(0, 0, 0, 0)\" class=\"has-inline-color has-vivid-cyan-blue-color\">NON<\/mark> AU REPORT DE L&rsquo;\u00c2GE LEGAL DE DEPART EN RETRAITE<\/h3>\n\n\n\n<h3 class=\"has-text-align-center\"><mark style=\"background-color:rgba(0, 0, 0, 0)\" class=\"has-inline-color has-vivid-green-cyan-color\">OUI <\/mark>A LA RETRAITE <mark style=\"background-color:rgba(0, 0, 0, 0)\" class=\"has-inline-color has-vivid-green-cyan-color\">A 60 ANS<\/mark><\/h3>\n\n\n\n<h1 class=\"has-text-align-center\">Manifestation \u00e0 Villefranche RDV \u00e0 10h place de la Lib\u00e9ration<\/h1>\n\n\n\n<figure class=\"wp-container-2 wp-block-gallery-1 wp-block-gallery has-nested-images columns-default is-cropped\">\n<figure class=\"wp-block-image size-large\"><a href=\"http:\/\/www.ulcgt69villefranche.fr\/wp-content\/uploads\/2023\/01\/DSC_0042-scaled.jpg\"><img loading=\"lazy\" width=\"2560\" height=\"1696\" data-id=\"4441\"  src=\"http:\/\/www.ulcgt69villefranche.fr\/wp-content\/uploads\/2023\/01\/DSC_0042-scaled.jpg\" alt=\"\" class=\"wp-image-4441\" srcset=\"http:\/\/www.ulcgt69villefranche.fr\/wp-content\/uploads\/2023\/01\/DSC_0042-scaled.jpg 2560w, http:\/\/www.ulcgt69villefranche.fr\/wp-content\/uploads\/2023\/01\/DSC_0042-300x199.jpg 300w, http:\/\/www.ulcgt69villefranche.fr\/wp-content\/uploads\/2023\/01\/DSC_0042-1024x678.jpg 1024w, http:\/\/www.ulcgt69villefranche.fr\/wp-content\/uploads\/2023\/01\/DSC_0042-768x509.jpg 768w, http:\/\/www.ulcgt69villefranche.fr\/wp-content\/uploads\/2023\/01\/DSC_0042-1536x1017.jpg 1536w, http:\/\/www.ulcgt69villefranche.fr\/wp-content\/uploads\/2023\/01\/DSC_0042-2048x1356.jpg 2048w\" sizes=\"(max-width: 2560px) 100vw, 2560px\" \/><\/a><\/figure>\n<\/figure>\n","protected":false},"excerpt":{"rendered":"<p>NON AU REPORT DE L&rsquo;\u00c2GE LEGAL DE DEPART EN RETRAITE OUI A LA RETRAITE A 60 ANS Manifestation \u00e0 Villefranche RDV \u00e0 10h place de la Lib\u00e9ration<\/p>\n","protected":false},"author":3,"featured_media":0,"comment_status":"closed","ping_status":"closed","sticky":false,"template":"","format":"standard","meta":[],"categories":[1],"tags":[],"_links":{"self":[{"href":"http:\/\/www.ulcgt69villefranche.fr\/index.php?rest_route=\/wp\/v2\/posts\/4481"}],"collection":[{"href":"http:\/\/www.ulcgt69villefranche.fr\/index.php?rest_route=\/wp\/v2\/posts"}],"about":[{"href":"http:\/\/www.ulcgt69villefranche.fr\/index.php?rest_route=\/wp\/v2\/types\/post"}],"author":[{"embeddable":true,"href":"http:\/\/www.ulcgt69villefranche.fr\/index.php?rest_route=\/wp\/v2\/users\/3"}],"replies":[{"embeddable":true,"href":"http:\/\/www.ulcgt69villefranche.fr\/index.php?rest_route=%2Fwp%2Fv2%2Fcomments&post=4481"}],"version-history":[{"count":4,"href":"http:\/\/www.ulcgt69villefranche.fr\/index.php?rest_route=\/wp\/v2\/posts\/4481\/revisions"}],"predecessor-version":[{"id":4488,"href":"http:\/\/www.ulcgt69villefranche.fr\/index.php?rest_route=\/wp\/v2\/posts\/4481\/revisions\/4488"}],"wp:attachment":[{"href":"http:\/\/www.ulcgt69villefranche.fr\/index.php?rest_route=%2Fwp%2Fv2%2Fmedia&parent=4481"}],"wp:term":[{"taxonomy":"category","embeddable":true,"href":"http:\/\/www.ulcgt69villefranche.fr\/index.php?rest_route=%2Fwp%2Fv2%2Fcategories&post=4481"},{"taxonomy":"post_tag","embeddable":true,"href":"http:\/\/www.ulcgt69villefranche.fr\/index.php?rest_route=%2Fwp%2Fv2%2Ftags&post=4481"}],"curies":[{"name":"wp","href":"https:\/\/api.w.org\/{rel}","templated":true}]}}