{"id":4476,"date":"2023-02-02T19:27:13","date_gmt":"2023-02-02T18:27:13","guid":{"rendered":"http:\/\/www.ulcgt69villefranche.fr\/?p=4476"},"modified":"2023-02-10T17:31:52","modified_gmt":"2023-02-10T16:31:52","slug":"007-fevrier-2023-3eme-vague-de-manifestation-avec-toutes-et-tous-en-greve","status":"publish","type":"post","link":"http:\/\/www.ulcgt69villefranche.fr\/?p=4476","title":{"rendered":"07 F\u00e9vrier 2023 3\u00e8me vague de manifestation avec toutes et tous en gr\u00e8ve"},"content":{"rendered":"\n<h3><mark style=\"background-color:rgba(0, 0, 0, 0)\" class=\"has-inline-color has-vivid-cyan-blue-color\">NON<\/mark> AU REPORT DE L&rsquo;\u00c2GE LEGAL DE DEPART EN RETRAITE <mark style=\"background-color:rgba(0, 0, 0, 0)\" class=\"has-inline-color has-vivid-green-cyan-color\">OUI <\/mark>A LA RETRAITE <mark style=\"background-color:rgba(0, 0, 0, 0)\" class=\"has-inline-color has-vivid-green-cyan-color\">A 60 ANS<\/mark><\/h3>\n\n\n\n<h1>Manifestation Villefranche Rdv \u00e0 16h30 place du Promenoir<\/h1>\n\n\n\n<figure class=\"wp-block-image size-large\"><a href=\"http:\/\/www.ulcgt69villefranche.fr\/wp-content\/uploads\/2023\/02\/Tract-UD-d-appel-du-07-Fevrier-2023-Recto.jpg\"><img loading=\"lazy\" width=\"724\" height=\"1024\" src=\"http:\/\/www.ulcgt69villefranche.fr\/wp-content\/uploads\/2023\/02\/Tract-UD-d-appel-du-07-Fevrier-2023-Recto-724x1024.jpg\" alt=\"\" class=\"wp-image-4477\" srcset=\"http:\/\/www.ulcgt69villefranche.fr\/wp-content\/uploads\/2023\/02\/Tract-UD-d-appel-du-07-Fevrier-2023-Recto-724x1024.jpg 724w, http:\/\/www.ulcgt69villefranche.fr\/wp-content\/uploads\/2023\/02\/Tract-UD-d-appel-du-07-Fevrier-2023-Recto-212x300.jpg 212w, http:\/\/www.ulcgt69villefranche.fr\/wp-content\/uploads\/2023\/02\/Tract-UD-d-appel-du-07-Fevrier-2023-Recto-768x1086.jpg 768w, http:\/\/www.ulcgt69villefranche.fr\/wp-content\/uploads\/2023\/02\/Tract-UD-d-appel-du-07-Fevrier-2023-Recto-1086x1536.jpg 1086w, http:\/\/www.ulcgt69villefranche.fr\/wp-content\/uploads\/2023\/02\/Tract-UD-d-appel-du-07-Fevrier-2023-Recto.jpg 1240w\" sizes=\"(max-width: 724px) 100vw, 724px\" \/><\/a><figcaption><strong><a href=\"http:\/\/www.ulcgt69villefranche.fr\/wp-content\/uploads\/2023\/02\/Tract-UD-dappel-du-07-Fevrier-2023.pdf\" target=\"_blank\" rel=\"noreferrer noopener\">Tract UD<\/a><\/strong><\/figcaption><\/figure>\n\n\n\n<figure class=\"wp-block-image size-large\"><a href=\"http:\/\/www.ulcgt69villefranche.fr\/wp-content\/uploads\/2023\/02\/Tract-UD-d-appel-du-07-Fevrier-2023-Verso.jpg\"><img loading=\"lazy\" width=\"724\" height=\"1024\" src=\"http:\/\/www.ulcgt69villefranche.fr\/wp-content\/uploads\/2023\/02\/Tract-UD-d-appel-du-07-Fevrier-2023-Verso-724x1024.jpg\" alt=\"\" class=\"wp-image-4479\" srcset=\"http:\/\/www.ulcgt69villefranche.fr\/wp-content\/uploads\/2023\/02\/Tract-UD-d-appel-du-07-Fevrier-2023-Verso-724x1024.jpg 724w, http:\/\/www.ulcgt69villefranche.fr\/wp-content\/uploads\/2023\/02\/Tract-UD-d-appel-du-07-Fevrier-2023-Verso-212x300.jpg 212w, http:\/\/www.ulcgt69villefranche.fr\/wp-content\/uploads\/2023\/02\/Tract-UD-d-appel-du-07-Fevrier-2023-Verso-768x1086.jpg 768w, http:\/\/www.ulcgt69villefranche.fr\/wp-content\/uploads\/2023\/02\/Tract-UD-d-appel-du-07-Fevrier-2023-Verso-1086x1536.jpg 1086w, http:\/\/www.ulcgt69villefranche.fr\/wp-content\/uploads\/2023\/02\/Tract-UD-d-appel-du-07-Fevrier-2023-Verso.jpg 1240w\" sizes=\"(max-width: 724px) 100vw, 724px\" \/><\/a><\/figure>\n","protected":false},"excerpt":{"rendered":"<p>NON AU REPORT DE L&rsquo;\u00c2GE LEGAL DE DEPART EN RETRAITE OUI A LA RETRAITE A 60 ANS Manifestation Villefranche Rdv \u00e0 16h30 place du Promenoir<\/p>\n","protected":false},"author":7,"featured_media":0,"comment_status":"closed","ping_status":"closed","sticky":false,"template":"","format":"standard","meta":[],"categories":[1],"tags":[],"_links":{"self":[{"href":"http:\/\/www.ulcgt69villefranche.fr\/index.php?rest_route=\/wp\/v2\/posts\/4476"}],"collection":[{"href":"http:\/\/www.ulcgt69villefranche.fr\/index.php?rest_route=\/wp\/v2\/posts"}],"about":[{"href":"http:\/\/www.ulcgt69villefranche.fr\/index.php?rest_route=\/wp\/v2\/types\/post"}],"author":[{"embeddable":true,"href":"http:\/\/www.ulcgt69villefranche.fr\/index.php?rest_route=\/wp\/v2\/users\/7"}],"replies":[{"embeddable":true,"href":"http:\/\/www.ulcgt69villefranche.fr\/index.php?rest_route=%2Fwp%2Fv2%2Fcomments&post=4476"}],"version-history":[{"count":2,"href":"http:\/\/www.ulcgt69villefranche.fr\/index.php?rest_route=\/wp\/v2\/posts\/4476\/revisions"}],"predecessor-version":[{"id":4484,"href":"http:\/\/www.ulcgt69villefranche.fr\/index.php?rest_route=\/wp\/v2\/posts\/4476\/revisions\/4484"}],"wp:attachment":[{"href":"http:\/\/www.ulcgt69villefranche.fr\/index.php?rest_route=%2Fwp%2Fv2%2Fmedia&parent=4476"}],"wp:term":[{"taxonomy":"category","embeddable":true,"href":"http:\/\/www.ulcgt69villefranche.fr\/index.php?rest_route=%2Fwp%2Fv2%2Fcategories&post=4476"},{"taxonomy":"post_tag","embeddable":true,"href":"http:\/\/www.ulcgt69villefranche.fr\/index.php?rest_route=%2Fwp%2Fv2%2Ftags&post=4476"}],"curies":[{"name":"wp","href":"https:\/\/api.w.org\/{rel}","templated":true}]}}