{"id":4445,"date":"2023-01-23T17:09:33","date_gmt":"2023-01-23T16:09:33","guid":{"rendered":"http:\/\/www.ulcgt69villefranche.fr\/?p=4445"},"modified":"2023-01-26T14:53:35","modified_gmt":"2023-01-26T13:53:35","slug":"31-janvier-2023-toutes-et-tous-en-greve-et-en-manifestation","status":"publish","type":"post","link":"http:\/\/www.ulcgt69villefranche.fr\/?p=4445","title":{"rendered":"31 Janvier 2023 Toutes et tous en gr\u00e8ve et en manifestation"},"content":{"rendered":"\n<h3><mark style=\"background-color:rgba(0, 0, 0, 0)\" class=\"has-inline-color has-vivid-cyan-blue-color\">NON<\/mark> AU REPORT DE L&rsquo;\u00c2GE LEGAL DE DEPART EN RETRAITE <mark style=\"background-color:rgba(0, 0, 0, 0)\" class=\"has-inline-color has-vivid-green-cyan-color\">OUI <\/mark>A LA RETRAITE <mark style=\"background-color:rgba(0, 0, 0, 0)\" class=\"has-inline-color has-vivid-green-cyan-color\">A 60 ANS<\/mark><\/h3>\n\n\n\n<h1>Manifestation Villefranche Rdv \u00e0 16h30 place du Promenoir<\/h1>\n\n\n\n<figure class=\"wp-block-image size-large\"><a href=\"http:\/\/www.ulcgt69villefranche.fr\/wp-content\/uploads\/2023\/01\/Tract-UL-Villefranche-Beaujolais-23-01-2023-scaled.jpg\"><img loading=\"lazy\" width=\"718\" height=\"1024\" src=\"http:\/\/www.ulcgt69villefranche.fr\/wp-content\/uploads\/2023\/01\/Tract-UL-Villefranche-Beaujolais-23-01-2023-718x1024.jpg\" alt=\"\" class=\"wp-image-4446\" srcset=\"http:\/\/www.ulcgt69villefranche.fr\/wp-content\/uploads\/2023\/01\/Tract-UL-Villefranche-Beaujolais-23-01-2023-718x1024.jpg 718w, http:\/\/www.ulcgt69villefranche.fr\/wp-content\/uploads\/2023\/01\/Tract-UL-Villefranche-Beaujolais-23-01-2023-210x300.jpg 210w, http:\/\/www.ulcgt69villefranche.fr\/wp-content\/uploads\/2023\/01\/Tract-UL-Villefranche-Beaujolais-23-01-2023-768x1096.jpg 768w, http:\/\/www.ulcgt69villefranche.fr\/wp-content\/uploads\/2023\/01\/Tract-UL-Villefranche-Beaujolais-23-01-2023-1077x1536.jpg 1077w, http:\/\/www.ulcgt69villefranche.fr\/wp-content\/uploads\/2023\/01\/Tract-UL-Villefranche-Beaujolais-23-01-2023-1435x2048.jpg 1435w, http:\/\/www.ulcgt69villefranche.fr\/wp-content\/uploads\/2023\/01\/Tract-UL-Villefranche-Beaujolais-23-01-2023-scaled.jpg 1794w\" sizes=\"(max-width: 718px) 100vw, 718px\" \/><\/a><figcaption><strong><a href=\"http:\/\/www.ulcgt69villefranche.fr\/wp-content\/uploads\/2023\/01\/Tract-UL-Villefranche-Beaujolais-23-01-2023.pdf\" target=\"_blank\" rel=\"noreferrer noopener\">Tract UL Villefranche Beaujolais 23-01-2023<\/a><\/strong><\/figcaption><\/figure>\n\n\n\n<p><strong><a rel=\"noreferrer noopener\" href=\"http:\/\/www.ulcgt69villefranche.fr\/wp-content\/uploads\/2023\/01\/20230131-Tract-UD-CGT-69.pdf\" target=\"_blank\">Tract UD<\/a><\/strong><\/p>\n\n\n\n<p><strong><a rel=\"noreferrer noopener\" href=\"http:\/\/www.ulcgt69villefranche.fr\/wp-content\/uploads\/2023\/01\/Declaration-du-25-janvier-de-lintersyndicale.pdf\" target=\"_blank\">D\u00e9claration du 25 janvier de l<\/a><a href=\"http:\/\/www.ulcgt69villefranche.fr\/wp-content\/uploads\/2023\/01\/Declaration-du-25-janvier-de-lintersyndicale.pdf\" target=\"_blank\" rel=\"noreferrer noopener\">&lsquo;<\/a><a rel=\"noreferrer noopener\" href=\"http:\/\/www.ulcgt69villefranche.fr\/wp-content\/uploads\/2023\/01\/Declaration-du-25-janvier-de-lintersyndicale.pdf\" target=\"_blank\">intersyndicale<\/a><\/strong><\/p>\n","protected":false},"excerpt":{"rendered":"<p>NON AU REPORT DE L&rsquo;\u00c2GE LEGAL DE DEPART EN RETRAITE OUI A LA RETRAITE A 60 ANS Manifestation Villefranche Rdv \u00e0 16h30 place du Promenoir Tract UD D\u00e9claration du 25 janvier de l&lsquo;intersyndicale<\/p>\n","protected":false},"author":7,"featured_media":0,"comment_status":"closed","ping_status":"closed","sticky":false,"template":"","format":"standard","meta":[],"categories":[1],"tags":[],"_links":{"self":[{"href":"http:\/\/www.ulcgt69villefranche.fr\/index.php?rest_route=\/wp\/v2\/posts\/4445"}],"collection":[{"href":"http:\/\/www.ulcgt69villefranche.fr\/index.php?rest_route=\/wp\/v2\/posts"}],"about":[{"href":"http:\/\/www.ulcgt69villefranche.fr\/index.php?rest_route=\/wp\/v2\/types\/post"}],"author":[{"embeddable":true,"href":"http:\/\/www.ulcgt69villefranche.fr\/index.php?rest_route=\/wp\/v2\/users\/7"}],"replies":[{"embeddable":true,"href":"http:\/\/www.ulcgt69villefranche.fr\/index.php?rest_route=%2Fwp%2Fv2%2Fcomments&post=4445"}],"version-history":[{"count":5,"href":"http:\/\/www.ulcgt69villefranche.fr\/index.php?rest_route=\/wp\/v2\/posts\/4445\/revisions"}],"predecessor-version":[{"id":4456,"href":"http:\/\/www.ulcgt69villefranche.fr\/index.php?rest_route=\/wp\/v2\/posts\/4445\/revisions\/4456"}],"wp:attachment":[{"href":"http:\/\/www.ulcgt69villefranche.fr\/index.php?rest_route=%2Fwp%2Fv2%2Fmedia&parent=4445"}],"wp:term":[{"taxonomy":"category","embeddable":true,"href":"http:\/\/www.ulcgt69villefranche.fr\/index.php?rest_route=%2Fwp%2Fv2%2Fcategories&post=4445"},{"taxonomy":"post_tag","embeddable":true,"href":"http:\/\/www.ulcgt69villefranche.fr\/index.php?rest_route=%2Fwp%2Fv2%2Ftags&post=4445"}],"curies":[{"name":"wp","href":"https:\/\/api.w.org\/{rel}","templated":true}]}}