{"id":4430,"date":"2023-01-23T17:05:15","date_gmt":"2023-01-23T16:05:15","guid":{"rendered":"http:\/\/www.ulcgt69villefranche.fr\/?p=4430"},"modified":"2023-01-23T17:05:15","modified_gmt":"2023-01-23T16:05:15","slug":"23-janvier-2023-quelques-photos-de-la-manifestation-du-19-janvier-2023","status":"publish","type":"post","link":"http:\/\/www.ulcgt69villefranche.fr\/?p=4430","title":{"rendered":"23 Janvier 2023 Quelques photos de la Manifestation du 19 Janvier 2023"},"content":{"rendered":"\n<h2><strong>Quelques photos de la r\u00e9ussite de cette premi\u00e8re journ\u00e9e de mobilisation \u00e0 Villefranche sur Sa\u00f4ne, contre la r\u00e9forme des retraites avec plus de 2400 personnes.<\/strong><\/h2>\n\n\n\n<figure class=\"wp-container-2 wp-block-gallery-1 wp-block-gallery has-nested-images columns-default is-cropped\">\n<figure class=\"wp-block-image size-large\"><a href=\"http:\/\/www.ulcgt69villefranche.fr\/wp-content\/uploads\/2023\/01\/DSC_0004-scaled.jpg\"><img loading=\"lazy\" width=\"1024\" height=\"678\" data-id=\"4433\"  src=\"http:\/\/www.ulcgt69villefranche.fr\/wp-content\/uploads\/2023\/01\/DSC_0004-1024x678.jpg\" alt=\"\" class=\"wp-image-4433\" srcset=\"http:\/\/www.ulcgt69villefranche.fr\/wp-content\/uploads\/2023\/01\/DSC_0004-1024x678.jpg 1024w, http:\/\/www.ulcgt69villefranche.fr\/wp-content\/uploads\/2023\/01\/DSC_0004-300x199.jpg 300w, http:\/\/www.ulcgt69villefranche.fr\/wp-content\/uploads\/2023\/01\/DSC_0004-768x509.jpg 768w, http:\/\/www.ulcgt69villefranche.fr\/wp-content\/uploads\/2023\/01\/DSC_0004-1536x1017.jpg 1536w, http:\/\/www.ulcgt69villefranche.fr\/wp-content\/uploads\/2023\/01\/DSC_0004-2048x1356.jpg 2048w\" sizes=\"(max-width: 1024px) 100vw, 1024px\" \/><\/a><\/figure>\n\n\n\n<figure class=\"wp-block-image size-large\"><a href=\"http:\/\/www.ulcgt69villefranche.fr\/wp-content\/uploads\/2023\/01\/DSC_0005-scaled.jpg\"><img loading=\"lazy\" width=\"1024\" height=\"678\" data-id=\"4434\"  src=\"http:\/\/www.ulcgt69villefranche.fr\/wp-content\/uploads\/2023\/01\/DSC_0005-1024x678.jpg\" alt=\"\" class=\"wp-image-4434\" srcset=\"http:\/\/www.ulcgt69villefranche.fr\/wp-content\/uploads\/2023\/01\/DSC_0005-1024x678.jpg 1024w, http:\/\/www.ulcgt69villefranche.fr\/wp-content\/uploads\/2023\/01\/DSC_0005-300x199.jpg 300w, http:\/\/www.ulcgt69villefranche.fr\/wp-content\/uploads\/2023\/01\/DSC_0005-768x509.jpg 768w, http:\/\/www.ulcgt69villefranche.fr\/wp-content\/uploads\/2023\/01\/DSC_0005-1536x1017.jpg 1536w, http:\/\/www.ulcgt69villefranche.fr\/wp-content\/uploads\/2023\/01\/DSC_0005-2048x1356.jpg 2048w\" sizes=\"(max-width: 1024px) 100vw, 1024px\" \/><\/a><\/figure>\n\n\n\n<figure class=\"wp-block-image size-large\"><a href=\"http:\/\/www.ulcgt69villefranche.fr\/wp-content\/uploads\/2023\/01\/DSC_0007-scaled.jpg\"><img loading=\"lazy\" width=\"1024\" height=\"678\" data-id=\"4435\"  src=\"http:\/\/www.ulcgt69villefranche.fr\/wp-content\/uploads\/2023\/01\/DSC_0007-1024x678.jpg\" alt=\"\" class=\"wp-image-4435\" srcset=\"http:\/\/www.ulcgt69villefranche.fr\/wp-content\/uploads\/2023\/01\/DSC_0007-1024x678.jpg 1024w, http:\/\/www.ulcgt69villefranche.fr\/wp-content\/uploads\/2023\/01\/DSC_0007-300x199.jpg 300w, http:\/\/www.ulcgt69villefranche.fr\/wp-content\/uploads\/2023\/01\/DSC_0007-768x509.jpg 768w, http:\/\/www.ulcgt69villefranche.fr\/wp-content\/uploads\/2023\/01\/DSC_0007-1536x1017.jpg 1536w, http:\/\/www.ulcgt69villefranche.fr\/wp-content\/uploads\/2023\/01\/DSC_0007-2048x1356.jpg 2048w\" sizes=\"(max-width: 1024px) 100vw, 1024px\" \/><\/a><\/figure>\n\n\n\n<figure class=\"wp-block-image size-large\"><a href=\"http:\/\/www.ulcgt69villefranche.fr\/wp-content\/uploads\/2023\/01\/DSC_0008-scaled.jpg\"><img loading=\"lazy\" width=\"1024\" height=\"678\" data-id=\"4436\"  src=\"http:\/\/www.ulcgt69villefranche.fr\/wp-content\/uploads\/2023\/01\/DSC_0008-1024x678.jpg\" alt=\"\" class=\"wp-image-4436\" srcset=\"http:\/\/www.ulcgt69villefranche.fr\/wp-content\/uploads\/2023\/01\/DSC_0008-1024x678.jpg 1024w, http:\/\/www.ulcgt69villefranche.fr\/wp-content\/uploads\/2023\/01\/DSC_0008-300x199.jpg 300w, http:\/\/www.ulcgt69villefranche.fr\/wp-content\/uploads\/2023\/01\/DSC_0008-768x509.jpg 768w, http:\/\/www.ulcgt69villefranche.fr\/wp-content\/uploads\/2023\/01\/DSC_0008-1536x1017.jpg 1536w, http:\/\/www.ulcgt69villefranche.fr\/wp-content\/uploads\/2023\/01\/DSC_0008-2048x1356.jpg 2048w\" sizes=\"(max-width: 1024px) 100vw, 1024px\" \/><\/a><\/figure>\n\n\n\n<figure class=\"wp-block-image size-large\"><a href=\"http:\/\/www.ulcgt69villefranche.fr\/wp-content\/uploads\/2023\/01\/DSC_0023-scaled.jpg\"><img loading=\"lazy\" width=\"1024\" height=\"678\" data-id=\"4437\"  src=\"http:\/\/www.ulcgt69villefranche.fr\/wp-content\/uploads\/2023\/01\/DSC_0023-1024x678.jpg\" alt=\"\" class=\"wp-image-4437\" srcset=\"http:\/\/www.ulcgt69villefranche.fr\/wp-content\/uploads\/2023\/01\/DSC_0023-1024x678.jpg 1024w, http:\/\/www.ulcgt69villefranche.fr\/wp-content\/uploads\/2023\/01\/DSC_0023-300x199.jpg 300w, http:\/\/www.ulcgt69villefranche.fr\/wp-content\/uploads\/2023\/01\/DSC_0023-768x509.jpg 768w, http:\/\/www.ulcgt69villefranche.fr\/wp-content\/uploads\/2023\/01\/DSC_0023-1536x1017.jpg 1536w, http:\/\/www.ulcgt69villefranche.fr\/wp-content\/uploads\/2023\/01\/DSC_0023-2048x1356.jpg 2048w\" sizes=\"(max-width: 1024px) 100vw, 1024px\" \/><\/a><\/figure>\n\n\n\n<figure class=\"wp-block-image size-large\"><a href=\"http:\/\/www.ulcgt69villefranche.fr\/wp-content\/uploads\/2023\/01\/DSC_0032-scaled.jpg\"><img loading=\"lazy\" width=\"1024\" height=\"678\" data-id=\"4432\"  src=\"http:\/\/www.ulcgt69villefranche.fr\/wp-content\/uploads\/2023\/01\/DSC_0032-1024x678.jpg\" alt=\"\" class=\"wp-image-4432\" srcset=\"http:\/\/www.ulcgt69villefranche.fr\/wp-content\/uploads\/2023\/01\/DSC_0032-1024x678.jpg 1024w, http:\/\/www.ulcgt69villefranche.fr\/wp-content\/uploads\/2023\/01\/DSC_0032-300x199.jpg 300w, http:\/\/www.ulcgt69villefranche.fr\/wp-content\/uploads\/2023\/01\/DSC_0032-768x509.jpg 768w, http:\/\/www.ulcgt69villefranche.fr\/wp-content\/uploads\/2023\/01\/DSC_0032-1536x1017.jpg 1536w, http:\/\/www.ulcgt69villefranche.fr\/wp-content\/uploads\/2023\/01\/DSC_0032-2048x1356.jpg 2048w\" sizes=\"(max-width: 1024px) 100vw, 1024px\" \/><\/a><\/figure>\n\n\n\n<figure class=\"wp-block-image size-large\"><a href=\"http:\/\/www.ulcgt69villefranche.fr\/wp-content\/uploads\/2023\/01\/DSC_0034-scaled.jpg\"><img loading=\"lazy\" width=\"1024\" height=\"678\" data-id=\"4438\"  src=\"http:\/\/www.ulcgt69villefranche.fr\/wp-content\/uploads\/2023\/01\/DSC_0034-1024x678.jpg\" alt=\"\" class=\"wp-image-4438\" srcset=\"http:\/\/www.ulcgt69villefranche.fr\/wp-content\/uploads\/2023\/01\/DSC_0034-1024x678.jpg 1024w, http:\/\/www.ulcgt69villefranche.fr\/wp-content\/uploads\/2023\/01\/DSC_0034-300x199.jpg 300w, http:\/\/www.ulcgt69villefranche.fr\/wp-content\/uploads\/2023\/01\/DSC_0034-768x509.jpg 768w, http:\/\/www.ulcgt69villefranche.fr\/wp-content\/uploads\/2023\/01\/DSC_0034-1536x1017.jpg 1536w, http:\/\/www.ulcgt69villefranche.fr\/wp-content\/uploads\/2023\/01\/DSC_0034-2048x1356.jpg 2048w\" sizes=\"(max-width: 1024px) 100vw, 1024px\" \/><\/a><\/figure>\n\n\n\n<figure class=\"wp-block-image size-large\"><a href=\"http:\/\/www.ulcgt69villefranche.fr\/wp-content\/uploads\/2023\/01\/DSC_0036-scaled.jpg\"><img loading=\"lazy\" width=\"1024\" height=\"678\" data-id=\"4439\"  src=\"http:\/\/www.ulcgt69villefranche.fr\/wp-content\/uploads\/2023\/01\/DSC_0036-1024x678.jpg\" alt=\"\" class=\"wp-image-4439\" srcset=\"http:\/\/www.ulcgt69villefranche.fr\/wp-content\/uploads\/2023\/01\/DSC_0036-1024x678.jpg 1024w, http:\/\/www.ulcgt69villefranche.fr\/wp-content\/uploads\/2023\/01\/DSC_0036-300x199.jpg 300w, http:\/\/www.ulcgt69villefranche.fr\/wp-content\/uploads\/2023\/01\/DSC_0036-768x509.jpg 768w, http:\/\/www.ulcgt69villefranche.fr\/wp-content\/uploads\/2023\/01\/DSC_0036-1536x1017.jpg 1536w, http:\/\/www.ulcgt69villefranche.fr\/wp-content\/uploads\/2023\/01\/DSC_0036-2048x1356.jpg 2048w\" sizes=\"(max-width: 1024px) 100vw, 1024px\" \/><\/a><\/figure>\n\n\n\n<figure class=\"wp-block-image size-large\"><a href=\"http:\/\/www.ulcgt69villefranche.fr\/wp-content\/uploads\/2023\/01\/DSC_0040-scaled.jpg\"><img loading=\"lazy\" width=\"1024\" height=\"678\" data-id=\"4440\"  src=\"http:\/\/www.ulcgt69villefranche.fr\/wp-content\/uploads\/2023\/01\/DSC_0040-1024x678.jpg\" alt=\"\" class=\"wp-image-4440\" srcset=\"http:\/\/www.ulcgt69villefranche.fr\/wp-content\/uploads\/2023\/01\/DSC_0040-1024x678.jpg 1024w, http:\/\/www.ulcgt69villefranche.fr\/wp-content\/uploads\/2023\/01\/DSC_0040-300x199.jpg 300w, http:\/\/www.ulcgt69villefranche.fr\/wp-content\/uploads\/2023\/01\/DSC_0040-768x509.jpg 768w, http:\/\/www.ulcgt69villefranche.fr\/wp-content\/uploads\/2023\/01\/DSC_0040-1536x1017.jpg 1536w, http:\/\/www.ulcgt69villefranche.fr\/wp-content\/uploads\/2023\/01\/DSC_0040-2048x1356.jpg 2048w\" sizes=\"(max-width: 1024px) 100vw, 1024px\" \/><\/a><\/figure>\n\n\n\n<figure class=\"wp-block-image size-large\"><a href=\"http:\/\/www.ulcgt69villefranche.fr\/wp-content\/uploads\/2023\/01\/DSC_0042-scaled.jpg\"><img loading=\"lazy\" width=\"1024\" height=\"678\" data-id=\"4441\"  src=\"http:\/\/www.ulcgt69villefranche.fr\/wp-content\/uploads\/2023\/01\/DSC_0042-1024x678.jpg\" alt=\"\" class=\"wp-image-4441\" srcset=\"http:\/\/www.ulcgt69villefranche.fr\/wp-content\/uploads\/2023\/01\/DSC_0042-1024x678.jpg 1024w, http:\/\/www.ulcgt69villefranche.fr\/wp-content\/uploads\/2023\/01\/DSC_0042-300x199.jpg 300w, http:\/\/www.ulcgt69villefranche.fr\/wp-content\/uploads\/2023\/01\/DSC_0042-768x509.jpg 768w, http:\/\/www.ulcgt69villefranche.fr\/wp-content\/uploads\/2023\/01\/DSC_0042-1536x1017.jpg 1536w, http:\/\/www.ulcgt69villefranche.fr\/wp-content\/uploads\/2023\/01\/DSC_0042-2048x1356.jpg 2048w\" sizes=\"(max-width: 1024px) 100vw, 1024px\" \/><\/a><\/figure>\n\n\n\n<figure class=\"wp-block-image size-large\"><a href=\"http:\/\/www.ulcgt69villefranche.fr\/wp-content\/uploads\/2023\/01\/DSC_0046-scaled.jpg\"><img loading=\"lazy\" width=\"1024\" height=\"678\" data-id=\"4442\"  src=\"http:\/\/www.ulcgt69villefranche.fr\/wp-content\/uploads\/2023\/01\/DSC_0046-1024x678.jpg\" alt=\"\" class=\"wp-image-4442\" srcset=\"http:\/\/www.ulcgt69villefranche.fr\/wp-content\/uploads\/2023\/01\/DSC_0046-1024x678.jpg 1024w, http:\/\/www.ulcgt69villefranche.fr\/wp-content\/uploads\/2023\/01\/DSC_0046-300x199.jpg 300w, http:\/\/www.ulcgt69villefranche.fr\/wp-content\/uploads\/2023\/01\/DSC_0046-768x509.jpg 768w, http:\/\/www.ulcgt69villefranche.fr\/wp-content\/uploads\/2023\/01\/DSC_0046-1536x1017.jpg 1536w, http:\/\/www.ulcgt69villefranche.fr\/wp-content\/uploads\/2023\/01\/DSC_0046-2048x1356.jpg 2048w\" sizes=\"(max-width: 1024px) 100vw, 1024px\" \/><\/a><\/figure>\n\n\n\n<figure class=\"wp-block-image size-large\"><a href=\"http:\/\/www.ulcgt69villefranche.fr\/wp-content\/uploads\/2023\/01\/DSC_0049-scaled.jpg\"><img loading=\"lazy\" width=\"1024\" height=\"678\" data-id=\"4443\"  src=\"http:\/\/www.ulcgt69villefranche.fr\/wp-content\/uploads\/2023\/01\/DSC_0049-1024x678.jpg\" alt=\"\" class=\"wp-image-4443\" srcset=\"http:\/\/www.ulcgt69villefranche.fr\/wp-content\/uploads\/2023\/01\/DSC_0049-1024x678.jpg 1024w, http:\/\/www.ulcgt69villefranche.fr\/wp-content\/uploads\/2023\/01\/DSC_0049-300x199.jpg 300w, http:\/\/www.ulcgt69villefranche.fr\/wp-content\/uploads\/2023\/01\/DSC_0049-768x509.jpg 768w, http:\/\/www.ulcgt69villefranche.fr\/wp-content\/uploads\/2023\/01\/DSC_0049-1536x1017.jpg 1536w, http:\/\/www.ulcgt69villefranche.fr\/wp-content\/uploads\/2023\/01\/DSC_0049-2048x1356.jpg 2048w\" sizes=\"(max-width: 1024px) 100vw, 1024px\" \/><\/a><\/figure>\n<\/figure>\n","protected":false},"excerpt":{"rendered":"<p>Quelques photos de la r\u00e9ussite de cette premi\u00e8re journ\u00e9e de mobilisation \u00e0 Villefranche sur Sa\u00f4ne, contre la r\u00e9forme des retraites avec plus de 2400 personnes.<\/p>\n","protected":false},"author":7,"featured_media":0,"comment_status":"closed","ping_status":"closed","sticky":false,"template":"","format":"standard","meta":[],"categories":[1],"tags":[],"_links":{"self":[{"href":"http:\/\/www.ulcgt69villefranche.fr\/index.php?rest_route=\/wp\/v2\/posts\/4430"}],"collection":[{"href":"http:\/\/www.ulcgt69villefranche.fr\/index.php?rest_route=\/wp\/v2\/posts"}],"about":[{"href":"http:\/\/www.ulcgt69villefranche.fr\/index.php?rest_route=\/wp\/v2\/types\/post"}],"author":[{"embeddable":true,"href":"http:\/\/www.ulcgt69villefranche.fr\/index.php?rest_route=\/wp\/v2\/users\/7"}],"replies":[{"embeddable":true,"href":"http:\/\/www.ulcgt69villefranche.fr\/index.php?rest_route=%2Fwp%2Fv2%2Fcomments&post=4430"}],"version-history":[{"count":2,"href":"http:\/\/www.ulcgt69villefranche.fr\/index.php?rest_route=\/wp\/v2\/posts\/4430\/revisions"}],"predecessor-version":[{"id":4444,"href":"http:\/\/www.ulcgt69villefranche.fr\/index.php?rest_route=\/wp\/v2\/posts\/4430\/revisions\/4444"}],"wp:attachment":[{"href":"http:\/\/www.ulcgt69villefranche.fr\/index.php?rest_route=%2Fwp%2Fv2%2Fmedia&parent=4430"}],"wp:term":[{"taxonomy":"category","embeddable":true,"href":"http:\/\/www.ulcgt69villefranche.fr\/index.php?rest_route=%2Fwp%2Fv2%2Fcategories&post=4430"},{"taxonomy":"post_tag","embeddable":true,"href":"http:\/\/www.ulcgt69villefranche.fr\/index.php?rest_route=%2Fwp%2Fv2%2Ftags&post=4430"}],"curies":[{"name":"wp","href":"https:\/\/api.w.org\/{rel}","templated":true}]}}