{"id":4424,"date":"2023-01-19T22:15:50","date_gmt":"2023-01-19T21:15:50","guid":{"rendered":"http:\/\/www.ulcgt69villefranche.fr\/?p=4424"},"modified":"2023-01-19T22:15:50","modified_gmt":"2023-01-19T21:15:50","slug":"19-janvier-2022-prochaine-journee-daction","status":"publish","type":"post","link":"http:\/\/www.ulcgt69villefranche.fr\/?p=4424","title":{"rendered":"19 Janvier 2022 Prochaine journ\u00e9e d&rsquo;action"},"content":{"rendered":"\n<h1 class=\"has-text-align-center\"><strong>L\u2019intersyndicale appelle \u00e0 une nouvelle journ\u00e9e de gr\u00e8ves et de manifestations interprofessionnelles le 31 janvier<\/strong><\/h1>\n\n\n\n<figure class=\"wp-block-image size-large\"><a href=\"http:\/\/www.ulcgt69villefranche.fr\/wp-content\/uploads\/2023\/01\/Comunique-intersyndicale-nationale-19-janvier-2023_Comunique-intersyndical-19-janvier-2023-page-001.jpg\"><img loading=\"lazy\" width=\"724\" height=\"1024\" src=\"http:\/\/www.ulcgt69villefranche.fr\/wp-content\/uploads\/2023\/01\/Comunique-intersyndicale-nationale-19-janvier-2023_Comunique-intersyndical-19-janvier-2023-page-001-724x1024.jpg\" alt=\"\" class=\"wp-image-4425\" srcset=\"http:\/\/www.ulcgt69villefranche.fr\/wp-content\/uploads\/2023\/01\/Comunique-intersyndicale-nationale-19-janvier-2023_Comunique-intersyndical-19-janvier-2023-page-001-724x1024.jpg 724w, http:\/\/www.ulcgt69villefranche.fr\/wp-content\/uploads\/2023\/01\/Comunique-intersyndicale-nationale-19-janvier-2023_Comunique-intersyndical-19-janvier-2023-page-001-212x300.jpg 212w, http:\/\/www.ulcgt69villefranche.fr\/wp-content\/uploads\/2023\/01\/Comunique-intersyndicale-nationale-19-janvier-2023_Comunique-intersyndical-19-janvier-2023-page-001-768x1086.jpg 768w, http:\/\/www.ulcgt69villefranche.fr\/wp-content\/uploads\/2023\/01\/Comunique-intersyndicale-nationale-19-janvier-2023_Comunique-intersyndical-19-janvier-2023-page-001-1086x1536.jpg 1086w, http:\/\/www.ulcgt69villefranche.fr\/wp-content\/uploads\/2023\/01\/Comunique-intersyndicale-nationale-19-janvier-2023_Comunique-intersyndical-19-janvier-2023-page-001.jpg 1240w\" sizes=\"(max-width: 724px) 100vw, 724px\" \/><\/a><figcaption><strong><a href=\"http:\/\/www.ulcgt69villefranche.fr\/wp-content\/uploads\/2023\/01\/Comunique-intersyndicale-nationale-19-janvier-2023_Comunique-intersyndical-19-janvier-2023.pdf\" target=\"_blank\" rel=\"noreferrer noopener\">Communiqu\u00e9 intersyndicale nationale<\/a><\/strong><\/figcaption><\/figure>\n","protected":false},"excerpt":{"rendered":"<p>L\u2019intersyndicale appelle \u00e0 une nouvelle journ\u00e9e de gr\u00e8ves et de manifestations interprofessionnelles le 31 janvier<\/p>\n","protected":false},"author":7,"featured_media":0,"comment_status":"closed","ping_status":"closed","sticky":false,"template":"","format":"standard","meta":[],"categories":[1],"tags":[],"_links":{"self":[{"href":"http:\/\/www.ulcgt69villefranche.fr\/index.php?rest_route=\/wp\/v2\/posts\/4424"}],"collection":[{"href":"http:\/\/www.ulcgt69villefranche.fr\/index.php?rest_route=\/wp\/v2\/posts"}],"about":[{"href":"http:\/\/www.ulcgt69villefranche.fr\/index.php?rest_route=\/wp\/v2\/types\/post"}],"author":[{"embeddable":true,"href":"http:\/\/www.ulcgt69villefranche.fr\/index.php?rest_route=\/wp\/v2\/users\/7"}],"replies":[{"embeddable":true,"href":"http:\/\/www.ulcgt69villefranche.fr\/index.php?rest_route=%2Fwp%2Fv2%2Fcomments&post=4424"}],"version-history":[{"count":2,"href":"http:\/\/www.ulcgt69villefranche.fr\/index.php?rest_route=\/wp\/v2\/posts\/4424\/revisions"}],"predecessor-version":[{"id":4428,"href":"http:\/\/www.ulcgt69villefranche.fr\/index.php?rest_route=\/wp\/v2\/posts\/4424\/revisions\/4428"}],"wp:attachment":[{"href":"http:\/\/www.ulcgt69villefranche.fr\/index.php?rest_route=%2Fwp%2Fv2%2Fmedia&parent=4424"}],"wp:term":[{"taxonomy":"category","embeddable":true,"href":"http:\/\/www.ulcgt69villefranche.fr\/index.php?rest_route=%2Fwp%2Fv2%2Fcategories&post=4424"},{"taxonomy":"post_tag","embeddable":true,"href":"http:\/\/www.ulcgt69villefranche.fr\/index.php?rest_route=%2Fwp%2Fv2%2Ftags&post=4424"}],"curies":[{"name":"wp","href":"https:\/\/api.w.org\/{rel}","templated":true}]}}