{"id":4415,"date":"2023-01-13T21:23:51","date_gmt":"2023-01-13T20:23:51","guid":{"rendered":"http:\/\/www.ulcgt69villefranche.fr\/?p=4415"},"modified":"2023-01-13T21:23:51","modified_gmt":"2023-01-13T20:23:51","slug":"19-janvier-2023-diaporama-retraite","status":"publish","type":"post","link":"http:\/\/www.ulcgt69villefranche.fr\/?p=4415","title":{"rendered":"19 Janvier 2023 Diaporama Retraite"},"content":{"rendered":"\n<h1>Communiqu\u00e9 intersyndical69 du 11 janvier 2023 et le diaporama Retraite \u00e0 t\u00e9l\u00e9charger<\/h1>\n\n\n\n<figure class=\"wp-block-image size-large\"><a href=\"http:\/\/www.ulcgt69villefranche.fr\/wp-content\/uploads\/2023\/01\/Communique-intersyndical69-du-11-janvier-2023.jpg\"><img loading=\"lazy\" width=\"724\" height=\"1024\" src=\"http:\/\/www.ulcgt69villefranche.fr\/wp-content\/uploads\/2023\/01\/Communique-intersyndical69-du-11-janvier-2023-724x1024.jpg\" alt=\"\" class=\"wp-image-4416\" srcset=\"http:\/\/www.ulcgt69villefranche.fr\/wp-content\/uploads\/2023\/01\/Communique-intersyndical69-du-11-janvier-2023-724x1024.jpg 724w, http:\/\/www.ulcgt69villefranche.fr\/wp-content\/uploads\/2023\/01\/Communique-intersyndical69-du-11-janvier-2023-212x300.jpg 212w, http:\/\/www.ulcgt69villefranche.fr\/wp-content\/uploads\/2023\/01\/Communique-intersyndical69-du-11-janvier-2023-768x1086.jpg 768w, http:\/\/www.ulcgt69villefranche.fr\/wp-content\/uploads\/2023\/01\/Communique-intersyndical69-du-11-janvier-2023-1086x1536.jpg 1086w, http:\/\/www.ulcgt69villefranche.fr\/wp-content\/uploads\/2023\/01\/Communique-intersyndical69-du-11-janvier-2023.jpg 1240w\" sizes=\"(max-width: 724px) 100vw, 724px\" \/><\/a><figcaption><strong><a href=\"http:\/\/www.ulcgt69villefranche.fr\/wp-content\/uploads\/2023\/01\/Communique-intersyndical69-du-11-janvier-2023.pdf\" target=\"_blank\" rel=\"noreferrer noopener\">Communiqu\u00e9 intersyndicale<\/a><\/strong><\/figcaption><\/figure>\n\n\n\n<p><strong><a href=\"http:\/\/www.ulcgt69villefranche.fr\/wp-content\/uploads\/2023\/01\/2023-01-11-Diaporama-Retraitre-Court.pdf\" target=\"_blank\" rel=\"noreferrer noopener\">Diaporama Retraite<\/a><\/strong><\/p>\n","protected":false},"excerpt":{"rendered":"<p>Communiqu\u00e9 intersyndical69 du 11 janvier 2023 et le diaporama Retraite \u00e0 t\u00e9l\u00e9charger Diaporama Retraite<\/p>\n","protected":false},"author":7,"featured_media":0,"comment_status":"closed","ping_status":"closed","sticky":false,"template":"","format":"standard","meta":[],"categories":[1],"tags":[],"_links":{"self":[{"href":"http:\/\/www.ulcgt69villefranche.fr\/index.php?rest_route=\/wp\/v2\/posts\/4415"}],"collection":[{"href":"http:\/\/www.ulcgt69villefranche.fr\/index.php?rest_route=\/wp\/v2\/posts"}],"about":[{"href":"http:\/\/www.ulcgt69villefranche.fr\/index.php?rest_route=\/wp\/v2\/types\/post"}],"author":[{"embeddable":true,"href":"http:\/\/www.ulcgt69villefranche.fr\/index.php?rest_route=\/wp\/v2\/users\/7"}],"replies":[{"embeddable":true,"href":"http:\/\/www.ulcgt69villefranche.fr\/index.php?rest_route=%2Fwp%2Fv2%2Fcomments&post=4415"}],"version-history":[{"count":1,"href":"http:\/\/www.ulcgt69villefranche.fr\/index.php?rest_route=\/wp\/v2\/posts\/4415\/revisions"}],"predecessor-version":[{"id":4420,"href":"http:\/\/www.ulcgt69villefranche.fr\/index.php?rest_route=\/wp\/v2\/posts\/4415\/revisions\/4420"}],"wp:attachment":[{"href":"http:\/\/www.ulcgt69villefranche.fr\/index.php?rest_route=%2Fwp%2Fv2%2Fmedia&parent=4415"}],"wp:term":[{"taxonomy":"category","embeddable":true,"href":"http:\/\/www.ulcgt69villefranche.fr\/index.php?rest_route=%2Fwp%2Fv2%2Fcategories&post=4415"},{"taxonomy":"post_tag","embeddable":true,"href":"http:\/\/www.ulcgt69villefranche.fr\/index.php?rest_route=%2Fwp%2Fv2%2Ftags&post=4415"}],"curies":[{"name":"wp","href":"https:\/\/api.w.org\/{rel}","templated":true}]}}