{"id":4393,"date":"2023-01-10T16:05:37","date_gmt":"2023-01-10T15:05:37","guid":{"rendered":"http:\/\/www.ulcgt69villefranche.fr\/?p=4393"},"modified":"2023-01-10T16:05:37","modified_gmt":"2023-01-10T15:05:37","slug":"10-janvier-2023-ensemble-pour-la-retraite-a-60-ans","status":"publish","type":"post","link":"http:\/\/www.ulcgt69villefranche.fr\/?p=4393","title":{"rendered":"10 Janvier 2023 Ensemble pour la retraite \u00e0 60 ans"},"content":{"rendered":"\n<p>Le projet de loi sur la r\u00e9forme des retraites sera pr\u00e9sent\u00e9 ce jour, le 10 janvier. Sans attendre les d\u00e9tails, la CGT est d\u00e9j\u00e0 mobilis\u00e9e. Les propositions envisag\u00e9es engendreront in\u00e9vitablement la baisse du niveau des pensions.<\/p>\n\n\n\n<h3>La version 2023 est une r\u00e9forme plus dure encore que celle de 2020<\/h3>\n\n\n\n<p>Sous couvert de contreparties comme le rel\u00e8vement du montant minimum des pensions, la r\u00e9forme 2023 est en fait encore plus dure que celle avort\u00e9e de 2020.<\/p>\n\n\n\n<p>Si elle \u00e9tait appliqu\u00e9e, elle serait plus rapidement d\u00e9favorable aux salari\u00e9s et acc\u00e9l\u00e9rerait la baisse des pensions. Le Conseil d\u2019Orientation des retraites estime que le pouvoir d\u2019achat des retrait\u00e9s pourrait \u00e0 terme baisser de 20% par rapport \u00e0 celui des actifs.<\/p>\n\n\n\n<h4>La \u00ab garantie \u00bb d\u2019un minimum de pension \u00e0 1 200 \u20ac n\u2019est qu\u2019un leurre, car elle ne serait effective que pour les carri\u00e8res compl\u00e8tes.<\/h4>\n\n\n\n<h2>La CGT propose une autre r\u00e9forme<\/h2>\n\n\n\n<div class=\"wp-container-1 wp-block-group\"><div class=\"wp-block-group__inner-container\">\n<p>Il faut s\u2019appuyer sur l\u2019opinion publique pour passer du m\u00e9contentement \u00e0 l\u2019action collective.<\/p>\n\n\n\n<p><mark style=\"background-color:#fcb900\" class=\"has-inline-color\"><strong>Il s\u2019agit non seulement de s\u2019opposer au projet Macron-Borne, mais aussi de partager les propositions de la CGT pour am\u00e9liorer le syst\u00e8me de retraite existant :<\/strong><\/mark><\/p>\n\n\n\n<ul><li><strong><mark style=\"background-color:#fcb900\" class=\"has-inline-color\">retour \u00e0 un d\u00e9part \u00e0 60 ans,<\/mark><\/strong><\/li><li><strong><mark style=\"background-color:#fcb900\" class=\"has-inline-color\">pension minimum au niveau du SMIC \u00e0 2 000\u20ac,<\/mark><\/strong><\/li><li><strong><mark style=\"background-color:#fcb900\" class=\"has-inline-color\">prise en compte des ann\u00e9es d\u2019\u00e9tudes, \u2026<\/mark><\/strong><\/li><\/ul>\n\n\n\n<p><mark style=\"background-color:#fcb900\" class=\"has-inline-color\"><strong>Comment ? En allant chercher de nouveaux financements :<\/strong><\/mark><\/p>\n\n\n\n<ul><li><mark style=\"background-color:#fcb900\" class=\"has-inline-color\"><strong>fin des exon\u00e9rations de cotisations,<\/strong><\/mark><\/li><li><mark style=\"background-color:#fcb900\" class=\"has-inline-color\"><strong>hausse du taux de cotisation,<\/strong><\/mark><\/li><li><mark style=\"background-color:#fcb900\" class=\"has-inline-color\"><strong>\u00e9galit\u00e9 professionnelle femmes-hommes, &#8230;<\/strong><\/mark><\/li><\/ul>\n<\/div><\/div>\n","protected":false},"excerpt":{"rendered":"<p>Le projet de loi sur la r\u00e9forme des retraites sera pr\u00e9sent\u00e9 ce jour, le 10 janvier. Sans attendre les d\u00e9tails, la CGT est d\u00e9j\u00e0 mobilis\u00e9e. Les propositions envisag\u00e9es engendreront in\u00e9vitablement la baisse du niveau des pensions. La version 2023 est une r\u00e9forme plus dure encore que celle de 2020 Sous couvert de contreparties comme le [&hellip;]<\/p>\n","protected":false},"author":7,"featured_media":0,"comment_status":"closed","ping_status":"closed","sticky":false,"template":"","format":"standard","meta":[],"categories":[1],"tags":[],"_links":{"self":[{"href":"http:\/\/www.ulcgt69villefranche.fr\/index.php?rest_route=\/wp\/v2\/posts\/4393"}],"collection":[{"href":"http:\/\/www.ulcgt69villefranche.fr\/index.php?rest_route=\/wp\/v2\/posts"}],"about":[{"href":"http:\/\/www.ulcgt69villefranche.fr\/index.php?rest_route=\/wp\/v2\/types\/post"}],"author":[{"embeddable":true,"href":"http:\/\/www.ulcgt69villefranche.fr\/index.php?rest_route=\/wp\/v2\/users\/7"}],"replies":[{"embeddable":true,"href":"http:\/\/www.ulcgt69villefranche.fr\/index.php?rest_route=%2Fwp%2Fv2%2Fcomments&post=4393"}],"version-history":[{"count":3,"href":"http:\/\/www.ulcgt69villefranche.fr\/index.php?rest_route=\/wp\/v2\/posts\/4393\/revisions"}],"predecessor-version":[{"id":4396,"href":"http:\/\/www.ulcgt69villefranche.fr\/index.php?rest_route=\/wp\/v2\/posts\/4393\/revisions\/4396"}],"wp:attachment":[{"href":"http:\/\/www.ulcgt69villefranche.fr\/index.php?rest_route=%2Fwp%2Fv2%2Fmedia&parent=4393"}],"wp:term":[{"taxonomy":"category","embeddable":true,"href":"http:\/\/www.ulcgt69villefranche.fr\/index.php?rest_route=%2Fwp%2Fv2%2Fcategories&post=4393"},{"taxonomy":"post_tag","embeddable":true,"href":"http:\/\/www.ulcgt69villefranche.fr\/index.php?rest_route=%2Fwp%2Fv2%2Ftags&post=4393"}],"curies":[{"name":"wp","href":"https:\/\/api.w.org\/{rel}","templated":true}]}}