{"id":4342,"date":"2022-12-02T08:51:29","date_gmt":"2022-12-02T07:51:29","guid":{"rendered":"http:\/\/www.ulcgt69villefranche.fr\/?p=4342"},"modified":"2022-12-02T08:51:29","modified_gmt":"2022-12-02T07:51:29","slug":"du-01-au-08-decembre-2022-elections-professionnelles-fonction-publique","status":"publish","type":"post","link":"http:\/\/www.ulcgt69villefranche.fr\/?p=4342","title":{"rendered":"Du 01 au 08 D\u00e9cembre 2022 Elections professionnelles Fonction Publique"},"content":{"rendered":"\n<h1>ELECTIONS FONCTION PUBLIQUE MA VOIX DOIT COMPTER JE VOTE CGT<\/h1>\n\n\n\n<p>Comme vous le savez surement, sur la p\u00e9riode du 1<sup>er<\/sup>&nbsp;au 8 d\u00e9cembre 2022 auront lieu les \u00e9lections professionnelles dans la Fonction Publique (sant\u00e9, territoriaux et fonction publique d\u2019Etat).<\/p>\n\n\n\n<p>La repr\u00e9sentativit\u00e9 de ces \u00e9lections est cruciale pour la repr\u00e9sentativit\u00e9 de toute notre CGT, ce qui est fait de cet \u00e9v\u00e8nement, un \u00e9v\u00e8nement d\u00e9terminant pour l\u2019ensemble de nos structures.<\/p>\n\n\n\n<p><strong>Nous vous alertons quant \u00e0 la n\u00e9cessit\u00e9 de regagner notre place de premi\u00e8re organisation, \u00e0 travers un vote fort en faveur de la CGT aux \u00e9lections de la Fonction Publique<\/strong>, qui repr\u00e9sente sur notre territoire une part tr\u00e8s importante des travailleurs et travailleuses.<\/p>\n\n\n\n<figure class=\"wp-block-image size-large\"><a href=\"http:\/\/www.ulcgt69villefranche.fr\/wp-content\/uploads\/2022\/12\/Mavoix-CGT_Paysage.jpg\"><img loading=\"lazy\" width=\"1024\" height=\"538\" src=\"http:\/\/www.ulcgt69villefranche.fr\/wp-content\/uploads\/2022\/12\/Mavoix-CGT_Paysage-1024x538.jpg\" alt=\"\" class=\"wp-image-4343\" srcset=\"http:\/\/www.ulcgt69villefranche.fr\/wp-content\/uploads\/2022\/12\/Mavoix-CGT_Paysage-1024x538.jpg 1024w, http:\/\/www.ulcgt69villefranche.fr\/wp-content\/uploads\/2022\/12\/Mavoix-CGT_Paysage-300x158.jpg 300w, http:\/\/www.ulcgt69villefranche.fr\/wp-content\/uploads\/2022\/12\/Mavoix-CGT_Paysage-768x403.jpg 768w, http:\/\/www.ulcgt69villefranche.fr\/wp-content\/uploads\/2022\/12\/Mavoix-CGT_Paysage-1536x806.jpg 1536w, http:\/\/www.ulcgt69villefranche.fr\/wp-content\/uploads\/2022\/12\/Mavoix-CGT_Paysage-2048x1075.jpg 2048w\" sizes=\"(max-width: 1024px) 100vw, 1024px\" \/><\/a><figcaption><a href=\"http:\/\/www.ulcgt69villefranche.fr\/wp-content\/uploads\/2022\/12\/Mavoix-CGT_Paysage.jpg\" target=\"_blank\" rel=\"noreferrer noopener\">Mavoix-CGT_Paysage<\/a><\/figcaption><\/figure>\n\n\n\n<p><a href=\"http:\/\/www.ulcgt69villefranche.fr\/wp-content\/uploads\/2022\/12\/Mavoix-CGT-portrait.jpg\" target=\"_blank\" rel=\"noreferrer noopener\">Mavoix-CGT-portrait<\/a><\/p>\n","protected":false},"excerpt":{"rendered":"<p>ELECTIONS FONCTION PUBLIQUE MA VOIX DOIT COMPTER JE VOTE CGT Comme vous le savez surement, sur la p\u00e9riode du 1er&nbsp;au 8 d\u00e9cembre 2022 auront lieu les \u00e9lections professionnelles dans la Fonction Publique (sant\u00e9, territoriaux et fonction publique d\u2019Etat). La repr\u00e9sentativit\u00e9 de ces \u00e9lections est cruciale pour la repr\u00e9sentativit\u00e9 de toute notre CGT, ce qui est [&hellip;]<\/p>\n","protected":false},"author":7,"featured_media":0,"comment_status":"closed","ping_status":"closed","sticky":false,"template":"","format":"standard","meta":[],"categories":[1],"tags":[],"_links":{"self":[{"href":"http:\/\/www.ulcgt69villefranche.fr\/index.php?rest_route=\/wp\/v2\/posts\/4342"}],"collection":[{"href":"http:\/\/www.ulcgt69villefranche.fr\/index.php?rest_route=\/wp\/v2\/posts"}],"about":[{"href":"http:\/\/www.ulcgt69villefranche.fr\/index.php?rest_route=\/wp\/v2\/types\/post"}],"author":[{"embeddable":true,"href":"http:\/\/www.ulcgt69villefranche.fr\/index.php?rest_route=\/wp\/v2\/users\/7"}],"replies":[{"embeddable":true,"href":"http:\/\/www.ulcgt69villefranche.fr\/index.php?rest_route=%2Fwp%2Fv2%2Fcomments&post=4342"}],"version-history":[{"count":1,"href":"http:\/\/www.ulcgt69villefranche.fr\/index.php?rest_route=\/wp\/v2\/posts\/4342\/revisions"}],"predecessor-version":[{"id":4346,"href":"http:\/\/www.ulcgt69villefranche.fr\/index.php?rest_route=\/wp\/v2\/posts\/4342\/revisions\/4346"}],"wp:attachment":[{"href":"http:\/\/www.ulcgt69villefranche.fr\/index.php?rest_route=%2Fwp%2Fv2%2Fmedia&parent=4342"}],"wp:term":[{"taxonomy":"category","embeddable":true,"href":"http:\/\/www.ulcgt69villefranche.fr\/index.php?rest_route=%2Fwp%2Fv2%2Fcategories&post=4342"},{"taxonomy":"post_tag","embeddable":true,"href":"http:\/\/www.ulcgt69villefranche.fr\/index.php?rest_route=%2Fwp%2Fv2%2Ftags&post=4342"}],"curies":[{"name":"wp","href":"https:\/\/api.w.org\/{rel}","templated":true}]}}