{"id":4316,"date":"2022-11-23T19:35:20","date_gmt":"2022-11-23T18:35:20","guid":{"rendered":"http:\/\/www.ulcgt69villefranche.fr\/?p=4316"},"modified":"2022-11-23T19:35:20","modified_gmt":"2022-11-23T18:35:20","slug":"23-novembre-2022-retour-sur-le-rassemblement-devant-le-siege-de-bayer-lyon","status":"publish","type":"post","link":"http:\/\/www.ulcgt69villefranche.fr\/?p=4316","title":{"rendered":"23 Novembre 2022 Retour sur le Rassemblement devant le si\u00e8ge de Bayer Lyon"},"content":{"rendered":"\n<h1>La CGT Bayer en gr\u00e8ve pour de meilleurs salaires ce jour<\/h1>\n\n\n\n<p><\/p>\n\n\n\n<p><strong>La CGT de Bayer a appell\u00e9 \u00e0 un rassemblement ce mercredi \u00e0 13h rue Jean-Marie Leclair dans le 9e arrondissement de Lyon.\u00a0<\/strong><\/p>\n\n\n\n<p><strong><mark style=\"background-color:#fcb900\" class=\"has-inline-color has-vivid-red-color\">Des camarades du site de Bayer de Villefranche sur Sa\u00f4ne ainsi que des camarades de l&rsquo;Union Locale se sont rendus sur place.<\/mark><\/strong><a href=\"javascript:;\"><\/a><\/p>\n\n\n\n<p><a href=\"mailto:?subject=Lyon%20:%20un%20homme%20agress%C3%A9%20au%20couteau&amp;BODY=Voici%20un%20article%20int%C3%A9ressant%20que%20j%27ai%20lu%20sur%20Lyon%20Mag%20:%20https:\/\/www.lyonmag.com\/article\/127015\/lyon-la-cgt-bayer-en-greve-pour-de-meilleurs-salaires\"><\/a><\/p>\n\n\n\n<figure class=\"wp-container-2 wp-block-gallery-1 wp-block-gallery has-nested-images columns-default is-cropped\">\n<figure class=\"wp-block-image size-large\"><a href=\"http:\/\/www.ulcgt69villefranche.fr\/wp-content\/uploads\/2022\/11\/IMG-20221123-WA0000.jpg\"><img loading=\"lazy\" width=\"461\" height=\"1024\" data-id=\"4317\"  src=\"http:\/\/www.ulcgt69villefranche.fr\/wp-content\/uploads\/2022\/11\/IMG-20221123-WA0000-461x1024.jpg\" alt=\"\" class=\"wp-image-4317\" srcset=\"http:\/\/www.ulcgt69villefranche.fr\/wp-content\/uploads\/2022\/11\/IMG-20221123-WA0000-461x1024.jpg 461w, http:\/\/www.ulcgt69villefranche.fr\/wp-content\/uploads\/2022\/11\/IMG-20221123-WA0000-135x300.jpg 135w, http:\/\/www.ulcgt69villefranche.fr\/wp-content\/uploads\/2022\/11\/IMG-20221123-WA0000-768x1707.jpg 768w, http:\/\/www.ulcgt69villefranche.fr\/wp-content\/uploads\/2022\/11\/IMG-20221123-WA0000-691x1536.jpg 691w, http:\/\/www.ulcgt69villefranche.fr\/wp-content\/uploads\/2022\/11\/IMG-20221123-WA0000.jpg 900w\" sizes=\"(max-width: 461px) 100vw, 461px\" \/><\/a><\/figure>\n\n\n\n<figure class=\"wp-block-image size-large\"><a href=\"http:\/\/www.ulcgt69villefranche.fr\/wp-content\/uploads\/2022\/11\/IMG-20221123-WA0002.jpg\"><img loading=\"lazy\" width=\"1024\" height=\"461\" data-id=\"4318\"  src=\"http:\/\/www.ulcgt69villefranche.fr\/wp-content\/uploads\/2022\/11\/IMG-20221123-WA0002-1024x461.jpg\" alt=\"\" class=\"wp-image-4318\" srcset=\"http:\/\/www.ulcgt69villefranche.fr\/wp-content\/uploads\/2022\/11\/IMG-20221123-WA0002-1024x461.jpg 1024w, http:\/\/www.ulcgt69villefranche.fr\/wp-content\/uploads\/2022\/11\/IMG-20221123-WA0002-300x135.jpg 300w, http:\/\/www.ulcgt69villefranche.fr\/wp-content\/uploads\/2022\/11\/IMG-20221123-WA0002-768x346.jpg 768w, http:\/\/www.ulcgt69villefranche.fr\/wp-content\/uploads\/2022\/11\/IMG-20221123-WA0002-1536x691.jpg 1536w, http:\/\/www.ulcgt69villefranche.fr\/wp-content\/uploads\/2022\/11\/IMG-20221123-WA0002.jpg 2000w\" sizes=\"(max-width: 1024px) 100vw, 1024px\" \/><\/a><\/figure>\n\n\n\n<figure class=\"wp-block-image size-large\"><a href=\"http:\/\/www.ulcgt69villefranche.fr\/wp-content\/uploads\/2022\/11\/IMG-20221123-WA0006.jpg\"><img loading=\"lazy\" width=\"1024\" height=\"461\" data-id=\"4319\"  src=\"http:\/\/www.ulcgt69villefranche.fr\/wp-content\/uploads\/2022\/11\/IMG-20221123-WA0006-1024x461.jpg\" alt=\"\" class=\"wp-image-4319\" srcset=\"http:\/\/www.ulcgt69villefranche.fr\/wp-content\/uploads\/2022\/11\/IMG-20221123-WA0006-1024x461.jpg 1024w, http:\/\/www.ulcgt69villefranche.fr\/wp-content\/uploads\/2022\/11\/IMG-20221123-WA0006-300x135.jpg 300w, http:\/\/www.ulcgt69villefranche.fr\/wp-content\/uploads\/2022\/11\/IMG-20221123-WA0006-768x346.jpg 768w, http:\/\/www.ulcgt69villefranche.fr\/wp-content\/uploads\/2022\/11\/IMG-20221123-WA0006-1536x691.jpg 1536w, http:\/\/www.ulcgt69villefranche.fr\/wp-content\/uploads\/2022\/11\/IMG-20221123-WA0006.jpg 2000w\" sizes=\"(max-width: 1024px) 100vw, 1024px\" \/><\/a><\/figure>\n\n\n\n<figure class=\"wp-block-image size-large\"><a href=\"http:\/\/www.ulcgt69villefranche.fr\/wp-content\/uploads\/2022\/11\/IMG-20221123-WA0007.jpg\"><img loading=\"lazy\" width=\"1024\" height=\"461\" data-id=\"4320\"  src=\"http:\/\/www.ulcgt69villefranche.fr\/wp-content\/uploads\/2022\/11\/IMG-20221123-WA0007-1024x461.jpg\" alt=\"\" class=\"wp-image-4320\" srcset=\"http:\/\/www.ulcgt69villefranche.fr\/wp-content\/uploads\/2022\/11\/IMG-20221123-WA0007-1024x461.jpg 1024w, http:\/\/www.ulcgt69villefranche.fr\/wp-content\/uploads\/2022\/11\/IMG-20221123-WA0007-300x135.jpg 300w, http:\/\/www.ulcgt69villefranche.fr\/wp-content\/uploads\/2022\/11\/IMG-20221123-WA0007-768x346.jpg 768w, http:\/\/www.ulcgt69villefranche.fr\/wp-content\/uploads\/2022\/11\/IMG-20221123-WA0007-1536x691.jpg 1536w, http:\/\/www.ulcgt69villefranche.fr\/wp-content\/uploads\/2022\/11\/IMG-20221123-WA0007.jpg 2000w\" sizes=\"(max-width: 1024px) 100vw, 1024px\" \/><\/a><\/figure>\n\n\n\n<figure class=\"wp-block-image size-large\"><a href=\"http:\/\/www.ulcgt69villefranche.fr\/wp-content\/uploads\/2022\/11\/IMG-20221123-WA0012.jpg\"><img loading=\"lazy\" width=\"768\" height=\"1024\" data-id=\"4322\"  src=\"http:\/\/www.ulcgt69villefranche.fr\/wp-content\/uploads\/2022\/11\/IMG-20221123-WA0012-768x1024.jpg\" alt=\"\" class=\"wp-image-4322\" srcset=\"http:\/\/www.ulcgt69villefranche.fr\/wp-content\/uploads\/2022\/11\/IMG-20221123-WA0012-768x1024.jpg 768w, http:\/\/www.ulcgt69villefranche.fr\/wp-content\/uploads\/2022\/11\/IMG-20221123-WA0012-225x300.jpg 225w, http:\/\/www.ulcgt69villefranche.fr\/wp-content\/uploads\/2022\/11\/IMG-20221123-WA0012-1152x1536.jpg 1152w, http:\/\/www.ulcgt69villefranche.fr\/wp-content\/uploads\/2022\/11\/IMG-20221123-WA0012.jpg 1500w\" sizes=\"(max-width: 768px) 100vw, 768px\" \/><\/a><\/figure>\n\n\n\n<figure class=\"wp-block-image size-large\"><a href=\"http:\/\/www.ulcgt69villefranche.fr\/wp-content\/uploads\/2022\/11\/IMG-20221123-WA0013.jpg\"><img loading=\"lazy\" width=\"1024\" height=\"768\" data-id=\"4321\"  src=\"http:\/\/www.ulcgt69villefranche.fr\/wp-content\/uploads\/2022\/11\/IMG-20221123-WA0013-1024x768.jpg\" alt=\"\" class=\"wp-image-4321\" srcset=\"http:\/\/www.ulcgt69villefranche.fr\/wp-content\/uploads\/2022\/11\/IMG-20221123-WA0013-1024x768.jpg 1024w, http:\/\/www.ulcgt69villefranche.fr\/wp-content\/uploads\/2022\/11\/IMG-20221123-WA0013-300x225.jpg 300w, http:\/\/www.ulcgt69villefranche.fr\/wp-content\/uploads\/2022\/11\/IMG-20221123-WA0013-768x576.jpg 768w, http:\/\/www.ulcgt69villefranche.fr\/wp-content\/uploads\/2022\/11\/IMG-20221123-WA0013-1536x1152.jpg 1536w, http:\/\/www.ulcgt69villefranche.fr\/wp-content\/uploads\/2022\/11\/IMG-20221123-WA0013.jpg 2000w\" sizes=\"(max-width: 1024px) 100vw, 1024px\" \/><\/a><\/figure>\n\n\n\n<figure class=\"wp-block-image size-large\"><a href=\"http:\/\/www.ulcgt69villefranche.fr\/wp-content\/uploads\/2022\/11\/IMG-20221123-WA0014.jpg\"><img loading=\"lazy\" width=\"1024\" height=\"461\" data-id=\"4323\"  src=\"http:\/\/www.ulcgt69villefranche.fr\/wp-content\/uploads\/2022\/11\/IMG-20221123-WA0014-1024x461.jpg\" alt=\"\" class=\"wp-image-4323\" srcset=\"http:\/\/www.ulcgt69villefranche.fr\/wp-content\/uploads\/2022\/11\/IMG-20221123-WA0014-1024x461.jpg 1024w, http:\/\/www.ulcgt69villefranche.fr\/wp-content\/uploads\/2022\/11\/IMG-20221123-WA0014-300x135.jpg 300w, http:\/\/www.ulcgt69villefranche.fr\/wp-content\/uploads\/2022\/11\/IMG-20221123-WA0014-768x346.jpg 768w, http:\/\/www.ulcgt69villefranche.fr\/wp-content\/uploads\/2022\/11\/IMG-20221123-WA0014-1536x691.jpg 1536w, http:\/\/www.ulcgt69villefranche.fr\/wp-content\/uploads\/2022\/11\/IMG-20221123-WA0014.jpg 2000w\" sizes=\"(max-width: 1024px) 100vw, 1024px\" \/><\/a><\/figure>\n<\/figure>\n\n\n\n<p><a href=\"javascript:;\"><\/a><\/p>\n\n\n\n<p>Les salari\u00e9s ont \u00e9t\u00e9 appel\u00e9s \u00e0 faire gr\u00e8ve devant le site de Saint-Pierre. Le Centre de Recherche de la Dargoire est aussi invit\u00e9 \u00e0 rejoindre le mouvement de contestation.<\/p>\n\n\n\n<p>Un projet de cession vise \u00e0 vendre le laboratoire Human Safety qui travaille dans la protection de la sant\u00e9 des consommateurs. La CGT d\u00e9clare que la direction de la Dargoire a pris des<em>&nbsp;\u00ab\u00a0d\u00e9cisions destructrices\u00a0\u00bb<\/em>&nbsp;depuis plus de 20 ans.<\/p>\n\n\n\n<p>La CGT Bayer consid\u00e8re que l\u2019entreprise pharmaceutique ne prend pas assez en compte ses salari\u00e9s.         En 2021, Bayer a r\u00e9alis\u00e9 un b\u00e9n\u00e9fice record d\u2019un milliard d\u2019euros. En 2022, le b\u00e9n\u00e9fice s\u2019\u00e9l\u00e8ve \u00e0 3,3 milliards d\u2019euros au premier trimestre. Or, l\u2019inflation de 6,2% fin octobre et la hausse du co\u00fbt de l\u2019\u00e9nergie de 22% n\u2019ont pas \u00e9t\u00e9 assez compens\u00e9es selon le syndicat.\u00a0<\/p>\n\n\n\n<p>La direction avait propos\u00e9 une augmentation de 4% pour les ouvriers et employ\u00e9s ainsi qu\u2019une prime de pouvoir d\u2019achat de 1000 euros mais cela n\u2019a pas \u00e9t\u00e9 satisfaisant.&nbsp;<br>La CGT demande une augmentation \u00e9quivalente \u00e0 l\u2019inflation, soit 230 euros pour tous. De plus, elle rappelle qu\u2019aucune prime Macron n\u2019est \u00ab\u00a0<em>venue r\u00e9compenser l\u2019engagement des salari\u00e9s travaillant en sous effectifs flagrants\u00a0\u00bb.<\/em><\/p>\n\n\n\n<p>La CGT Bayer insiste sur<em>\u00a0\u00ab\u00a0l\u2019inqui\u00e9tude\u00a0\u00bb<\/em>\u00a0de l\u2019avenir et du d\u00e9saccord sur un nouveau projet de vente \u00e0 la d\u00e9coupe de la recherche en France.<\/p>\n","protected":false},"excerpt":{"rendered":"<p>La CGT Bayer en gr\u00e8ve pour de meilleurs salaires ce jour La CGT de Bayer a appell\u00e9 \u00e0 un rassemblement ce mercredi \u00e0 13h rue Jean-Marie Leclair dans le 9e arrondissement de Lyon.\u00a0 Des camarades du site de Bayer de Villefranche sur Sa\u00f4ne ainsi que des camarades de l&rsquo;Union Locale se sont rendus sur place. [&hellip;]<\/p>\n","protected":false},"author":7,"featured_media":0,"comment_status":"closed","ping_status":"closed","sticky":false,"template":"","format":"standard","meta":[],"categories":[1],"tags":[],"_links":{"self":[{"href":"http:\/\/www.ulcgt69villefranche.fr\/index.php?rest_route=\/wp\/v2\/posts\/4316"}],"collection":[{"href":"http:\/\/www.ulcgt69villefranche.fr\/index.php?rest_route=\/wp\/v2\/posts"}],"about":[{"href":"http:\/\/www.ulcgt69villefranche.fr\/index.php?rest_route=\/wp\/v2\/types\/post"}],"author":[{"embeddable":true,"href":"http:\/\/www.ulcgt69villefranche.fr\/index.php?rest_route=\/wp\/v2\/users\/7"}],"replies":[{"embeddable":true,"href":"http:\/\/www.ulcgt69villefranche.fr\/index.php?rest_route=%2Fwp%2Fv2%2Fcomments&post=4316"}],"version-history":[{"count":3,"href":"http:\/\/www.ulcgt69villefranche.fr\/index.php?rest_route=\/wp\/v2\/posts\/4316\/revisions"}],"predecessor-version":[{"id":4326,"href":"http:\/\/www.ulcgt69villefranche.fr\/index.php?rest_route=\/wp\/v2\/posts\/4316\/revisions\/4326"}],"wp:attachment":[{"href":"http:\/\/www.ulcgt69villefranche.fr\/index.php?rest_route=%2Fwp%2Fv2%2Fmedia&parent=4316"}],"wp:term":[{"taxonomy":"category","embeddable":true,"href":"http:\/\/www.ulcgt69villefranche.fr\/index.php?rest_route=%2Fwp%2Fv2%2Fcategories&post=4316"},{"taxonomy":"post_tag","embeddable":true,"href":"http:\/\/www.ulcgt69villefranche.fr\/index.php?rest_route=%2Fwp%2Fv2%2Ftags&post=4316"}],"curies":[{"name":"wp","href":"https:\/\/api.w.org\/{rel}","templated":true}]}}