{"id":4304,"date":"2022-11-23T18:50:54","date_gmt":"2022-11-23T17:50:54","guid":{"rendered":"http:\/\/www.ulcgt69villefranche.fr\/?p=4304"},"modified":"2022-11-24T17:50:48","modified_gmt":"2022-11-24T16:50:48","slug":"24-novembre-2022-rassemblement-de-soutien-envers-nos-camarades-grevistes-de-grdf","status":"publish","type":"post","link":"http:\/\/www.ulcgt69villefranche.fr\/?p=4304","title":{"rendered":"Depuis d\u00e9but Novembre 2022 Information Gr\u00e8ve chez ENEDIS et GRDF"},"content":{"rendered":"\n<h1><a href=\"https:\/\/www.lepatriote.fr\/chez-grdf-gleize-le-mouvement-de-greve-se-poursuit-116429.html\"><strong>Chez GRDF Gleiz\u00e9, le mouvement de gr\u00e8ve se poursuit &#8211; Le Patriote Beaujolais<\/strong><\/a><\/h1>\n\n\n\n<p><strong><mark style=\"background-color:#fcb900\" class=\"has-inline-color has-vivid-red-color\">GRDF en gr\u00e8ve depuis 14 jours, le mouvement se poursuit en attente des augmentations de salaires qui sont revendiqu\u00e9s<\/mark><\/strong>.<\/p>\n\n\n\n<figure class=\"wp-container-2 wp-block-gallery-1 wp-block-gallery has-nested-images columns-default is-cropped\">\n<figure class=\"wp-block-image size-large\"><a href=\"http:\/\/www.ulcgt69villefranche.fr\/wp-content\/uploads\/2022\/11\/18112022-01.jpg\"><img loading=\"lazy\" width=\"1024\" height=\"268\" data-id=\"4306\"  src=\"http:\/\/www.ulcgt69villefranche.fr\/wp-content\/uploads\/2022\/11\/18112022-01-1024x268.jpg\" alt=\"\" class=\"wp-image-4306\" srcset=\"http:\/\/www.ulcgt69villefranche.fr\/wp-content\/uploads\/2022\/11\/18112022-01-1024x268.jpg 1024w, http:\/\/www.ulcgt69villefranche.fr\/wp-content\/uploads\/2022\/11\/18112022-01-300x79.jpg 300w, http:\/\/www.ulcgt69villefranche.fr\/wp-content\/uploads\/2022\/11\/18112022-01-768x201.jpg 768w, http:\/\/www.ulcgt69villefranche.fr\/wp-content\/uploads\/2022\/11\/18112022-01-1536x402.jpg 1536w, http:\/\/www.ulcgt69villefranche.fr\/wp-content\/uploads\/2022\/11\/18112022-01.jpg 1600w\" sizes=\"(max-width: 1024px) 100vw, 1024px\" \/><\/a><\/figure>\n\n\n\n<figure class=\"wp-block-image size-large\"><a href=\"http:\/\/www.ulcgt69villefranche.fr\/wp-content\/uploads\/2022\/11\/18112022-02.jpg\"><img loading=\"lazy\" width=\"1024\" height=\"760\" data-id=\"4311\"  src=\"http:\/\/www.ulcgt69villefranche.fr\/wp-content\/uploads\/2022\/11\/18112022-02-1024x760.jpg\" alt=\"\" class=\"wp-image-4311\" srcset=\"http:\/\/www.ulcgt69villefranche.fr\/wp-content\/uploads\/2022\/11\/18112022-02-1024x760.jpg 1024w, http:\/\/www.ulcgt69villefranche.fr\/wp-content\/uploads\/2022\/11\/18112022-02-300x223.jpg 300w, http:\/\/www.ulcgt69villefranche.fr\/wp-content\/uploads\/2022\/11\/18112022-02-768x570.jpg 768w, http:\/\/www.ulcgt69villefranche.fr\/wp-content\/uploads\/2022\/11\/18112022-02-1536x1140.jpg 1536w, http:\/\/www.ulcgt69villefranche.fr\/wp-content\/uploads\/2022\/11\/18112022-02.jpg 1600w\" sizes=\"(max-width: 1024px) 100vw, 1024px\" \/><\/a><\/figure>\n\n\n\n<figure class=\"wp-block-image size-large\"><a href=\"http:\/\/www.ulcgt69villefranche.fr\/wp-content\/uploads\/2022\/11\/18112022-03.jpg\"><img loading=\"lazy\" width=\"1024\" height=\"361\" data-id=\"4308\"  src=\"http:\/\/www.ulcgt69villefranche.fr\/wp-content\/uploads\/2022\/11\/18112022-03-1024x361.jpg\" alt=\"\" class=\"wp-image-4308\" srcset=\"http:\/\/www.ulcgt69villefranche.fr\/wp-content\/uploads\/2022\/11\/18112022-03-1024x361.jpg 1024w, http:\/\/www.ulcgt69villefranche.fr\/wp-content\/uploads\/2022\/11\/18112022-03-300x106.jpg 300w, http:\/\/www.ulcgt69villefranche.fr\/wp-content\/uploads\/2022\/11\/18112022-03-768x271.jpg 768w, http:\/\/www.ulcgt69villefranche.fr\/wp-content\/uploads\/2022\/11\/18112022-03-1536x542.jpg 1536w, http:\/\/www.ulcgt69villefranche.fr\/wp-content\/uploads\/2022\/11\/18112022-03.jpg 1599w\" sizes=\"(max-width: 1024px) 100vw, 1024px\" \/><\/a><\/figure>\n\n\n\n<figure class=\"wp-block-image size-large\"><a href=\"http:\/\/www.ulcgt69villefranche.fr\/wp-content\/uploads\/2022\/11\/18112022-04.jpg\"><img loading=\"lazy\" width=\"1024\" height=\"377\" data-id=\"4307\"  src=\"http:\/\/www.ulcgt69villefranche.fr\/wp-content\/uploads\/2022\/11\/18112022-04-1024x377.jpg\" alt=\"\" class=\"wp-image-4307\" srcset=\"http:\/\/www.ulcgt69villefranche.fr\/wp-content\/uploads\/2022\/11\/18112022-04-1024x377.jpg 1024w, http:\/\/www.ulcgt69villefranche.fr\/wp-content\/uploads\/2022\/11\/18112022-04-300x110.jpg 300w, http:\/\/www.ulcgt69villefranche.fr\/wp-content\/uploads\/2022\/11\/18112022-04-768x283.jpg 768w, http:\/\/www.ulcgt69villefranche.fr\/wp-content\/uploads\/2022\/11\/18112022-04-1536x565.jpg 1536w, http:\/\/www.ulcgt69villefranche.fr\/wp-content\/uploads\/2022\/11\/18112022-04.jpg 1600w\" sizes=\"(max-width: 1024px) 100vw, 1024px\" \/><\/a><\/figure>\n\n\n\n<figure class=\"wp-block-image size-large\"><a href=\"http:\/\/www.ulcgt69villefranche.fr\/wp-content\/uploads\/2022\/11\/18112022-05.jpg\"><img loading=\"lazy\" width=\"1024\" height=\"507\" data-id=\"4310\"  src=\"http:\/\/www.ulcgt69villefranche.fr\/wp-content\/uploads\/2022\/11\/18112022-05-1024x507.jpg\" alt=\"\" class=\"wp-image-4310\" srcset=\"http:\/\/www.ulcgt69villefranche.fr\/wp-content\/uploads\/2022\/11\/18112022-05-1024x507.jpg 1024w, http:\/\/www.ulcgt69villefranche.fr\/wp-content\/uploads\/2022\/11\/18112022-05-300x149.jpg 300w, http:\/\/www.ulcgt69villefranche.fr\/wp-content\/uploads\/2022\/11\/18112022-05-768x380.jpg 768w, http:\/\/www.ulcgt69villefranche.fr\/wp-content\/uploads\/2022\/11\/18112022-05-1536x760.jpg 1536w, http:\/\/www.ulcgt69villefranche.fr\/wp-content\/uploads\/2022\/11\/18112022-05.jpg 1600w\" sizes=\"(max-width: 1024px) 100vw, 1024px\" \/><\/a><\/figure>\n\n\n\n<figure class=\"wp-block-image size-large\"><a href=\"http:\/\/www.ulcgt69villefranche.fr\/wp-content\/uploads\/2022\/11\/18112022-06.jpg\"><img loading=\"lazy\" width=\"1024\" height=\"317\" data-id=\"4309\"  src=\"http:\/\/www.ulcgt69villefranche.fr\/wp-content\/uploads\/2022\/11\/18112022-06-1024x317.jpg\" alt=\"\" class=\"wp-image-4309\" srcset=\"http:\/\/www.ulcgt69villefranche.fr\/wp-content\/uploads\/2022\/11\/18112022-06-1024x317.jpg 1024w, http:\/\/www.ulcgt69villefranche.fr\/wp-content\/uploads\/2022\/11\/18112022-06-300x93.jpg 300w, http:\/\/www.ulcgt69villefranche.fr\/wp-content\/uploads\/2022\/11\/18112022-06-768x238.jpg 768w, http:\/\/www.ulcgt69villefranche.fr\/wp-content\/uploads\/2022\/11\/18112022-06-1536x475.jpg 1536w, http:\/\/www.ulcgt69villefranche.fr\/wp-content\/uploads\/2022\/11\/18112022-06.jpg 1600w\" sizes=\"(max-width: 1024px) 100vw, 1024px\" \/><\/a><\/figure>\n<\/figure>\n\n\n\n<h2><strong>Fin de la gr\u00e8ve chez Enedis mais toujours en soutien<\/strong> \u00e0 GRDF<\/h2>\n\n\n\n<figure class=\"wp-block-image size-large\"><a href=\"http:\/\/www.ulcgt69villefranche.fr\/wp-content\/uploads\/2022\/11\/full_piquet-de-greve-enedis-gleize.jpg\"><img loading=\"lazy\" width=\"1024\" height=\"768\" src=\"http:\/\/www.ulcgt69villefranche.fr\/wp-content\/uploads\/2022\/11\/full_piquet-de-greve-enedis-gleize-1024x768.jpg\" alt=\"\" class=\"wp-image-4312\" srcset=\"http:\/\/www.ulcgt69villefranche.fr\/wp-content\/uploads\/2022\/11\/full_piquet-de-greve-enedis-gleize-1024x768.jpg 1024w, http:\/\/www.ulcgt69villefranche.fr\/wp-content\/uploads\/2022\/11\/full_piquet-de-greve-enedis-gleize-300x225.jpg 300w, http:\/\/www.ulcgt69villefranche.fr\/wp-content\/uploads\/2022\/11\/full_piquet-de-greve-enedis-gleize-768x576.jpg 768w, http:\/\/www.ulcgt69villefranche.fr\/wp-content\/uploads\/2022\/11\/full_piquet-de-greve-enedis-gleize.jpg 1500w\" sizes=\"(max-width: 1024px) 100vw, 1024px\" \/><\/a><figcaption><a href=\"https:\/\/www.lepatriote.fr\/greve-chez-enedis-et-grdf-a-gleize-des-avancees-pour-les-uns-pas-pour-les-autres-115996.html\" target=\"_blank\" rel=\"noreferrer noopener\">Gr\u00e8ve chez Enedis et GRDF \u00e0 Gleiz\u00e9 : des avanc\u00e9es pour les uns, pas pour les autres &#8211; Le Patriote Beaujolais<\/a><\/figcaption><\/figure>\n\n\n\n<figure class=\"wp-block-image size-large\"><a href=\"http:\/\/www.ulcgt69villefranche.fr\/wp-content\/uploads\/2022\/11\/mouvement-de-greve-a-gleize-chez-enedis-et-grdf-photo-progres-georges-maire-1667917522.jpg\"><img loading=\"lazy\" width=\"1024\" height=\"773\" src=\"http:\/\/www.ulcgt69villefranche.fr\/wp-content\/uploads\/2022\/11\/mouvement-de-greve-a-gleize-chez-enedis-et-grdf-photo-progres-georges-maire-1667917522-1024x773.jpg\" alt=\"\" class=\"wp-image-4313\" srcset=\"http:\/\/www.ulcgt69villefranche.fr\/wp-content\/uploads\/2022\/11\/mouvement-de-greve-a-gleize-chez-enedis-et-grdf-photo-progres-georges-maire-1667917522-1024x773.jpg 1024w, http:\/\/www.ulcgt69villefranche.fr\/wp-content\/uploads\/2022\/11\/mouvement-de-greve-a-gleize-chez-enedis-et-grdf-photo-progres-georges-maire-1667917522-300x227.jpg 300w, http:\/\/www.ulcgt69villefranche.fr\/wp-content\/uploads\/2022\/11\/mouvement-de-greve-a-gleize-chez-enedis-et-grdf-photo-progres-georges-maire-1667917522-768x580.jpg 768w, http:\/\/www.ulcgt69villefranche.fr\/wp-content\/uploads\/2022\/11\/mouvement-de-greve-a-gleize-chez-enedis-et-grdf-photo-progres-georges-maire-1667917522-1536x1160.jpg 1536w, http:\/\/www.ulcgt69villefranche.fr\/wp-content\/uploads\/2022\/11\/mouvement-de-greve-a-gleize-chez-enedis-et-grdf-photo-progres-georges-maire-1667917522.jpg 1600w\" sizes=\"(max-width: 1024px) 100vw, 1024px\" \/><\/a><figcaption><a href=\"https:\/\/www.leprogres.fr\/social\/2022\/11\/08\/mouvement-de-greve-chez-enedis-et-grdf-a-gleize\">Rh\u00f4ne. Mouvement de gr\u00e8ve chez Enedis et GRDF \u00e0 Gleiz\u00e9 (leprogres.fr)<\/a> <a href=\"http:\/\/www.ulcgt69villefranche.fr\/wp-content\/uploads\/2022\/11\/mouvement-de-greve-a-gleize-chez-enedis-et-grdf-photo-progres-georges-maire-1667917522.jpg.jpeg\" target=\"_blank\" rel=\"noreferrer noopener\">Article complet ci-joint<\/a><\/figcaption><\/figure>\n\n\n\n<p><\/p>\n","protected":false},"excerpt":{"rendered":"<p>Chez GRDF Gleiz\u00e9, le mouvement de gr\u00e8ve se poursuit &#8211; Le Patriote Beaujolais GRDF en gr\u00e8ve depuis 14 jours, le mouvement se poursuit en attente des augmentations de salaires qui sont revendiqu\u00e9s. Fin de la gr\u00e8ve chez Enedis mais toujours en soutien \u00e0 GRDF<\/p>\n","protected":false},"author":7,"featured_media":0,"comment_status":"closed","ping_status":"closed","sticky":false,"template":"","format":"standard","meta":[],"categories":[1],"tags":[],"_links":{"self":[{"href":"http:\/\/www.ulcgt69villefranche.fr\/index.php?rest_route=\/wp\/v2\/posts\/4304"}],"collection":[{"href":"http:\/\/www.ulcgt69villefranche.fr\/index.php?rest_route=\/wp\/v2\/posts"}],"about":[{"href":"http:\/\/www.ulcgt69villefranche.fr\/index.php?rest_route=\/wp\/v2\/types\/post"}],"author":[{"embeddable":true,"href":"http:\/\/www.ulcgt69villefranche.fr\/index.php?rest_route=\/wp\/v2\/users\/7"}],"replies":[{"embeddable":true,"href":"http:\/\/www.ulcgt69villefranche.fr\/index.php?rest_route=%2Fwp%2Fv2%2Fcomments&post=4304"}],"version-history":[{"count":11,"href":"http:\/\/www.ulcgt69villefranche.fr\/index.php?rest_route=\/wp\/v2\/posts\/4304\/revisions"}],"predecessor-version":[{"id":4335,"href":"http:\/\/www.ulcgt69villefranche.fr\/index.php?rest_route=\/wp\/v2\/posts\/4304\/revisions\/4335"}],"wp:attachment":[{"href":"http:\/\/www.ulcgt69villefranche.fr\/index.php?rest_route=%2Fwp%2Fv2%2Fmedia&parent=4304"}],"wp:term":[{"taxonomy":"category","embeddable":true,"href":"http:\/\/www.ulcgt69villefranche.fr\/index.php?rest_route=%2Fwp%2Fv2%2Fcategories&post=4304"},{"taxonomy":"post_tag","embeddable":true,"href":"http:\/\/www.ulcgt69villefranche.fr\/index.php?rest_route=%2Fwp%2Fv2%2Ftags&post=4304"}],"curies":[{"name":"wp","href":"https:\/\/api.w.org\/{rel}","templated":true}]}}