{"id":4286,"date":"2022-11-10T14:53:36","date_gmt":"2022-11-10T13:53:36","guid":{"rendered":"http:\/\/www.ulcgt69villefranche.fr\/?p=4286"},"modified":"2022-11-10T14:54:11","modified_gmt":"2022-11-10T13:54:11","slug":"01-novembre-2022-article-du-progres","status":"publish","type":"post","link":"http:\/\/www.ulcgt69villefranche.fr\/?p=4286","title":{"rendered":"01 Novembre 2022 Article du Progr\u00e8s"},"content":{"rendered":"\n<h1>La d\u00e9l\u00e9gu\u00e9e syndicale de Spicer ne sera pas licenci\u00e9e<\/h1>\n\n\n\n<figure class=\"wp-block-image size-large\"><a href=\"http:\/\/www.ulcgt69villefranche.fr\/wp-content\/uploads\/2022\/11\/01112022-La-DS-de-Spicer-de-sera-as-licenciee-Le-Progres-page-001.jpg\"><img loading=\"lazy\" width=\"1024\" height=\"794\" src=\"http:\/\/www.ulcgt69villefranche.fr\/wp-content\/uploads\/2022\/11\/01112022-La-DS-de-Spicer-de-sera-as-licenciee-Le-Progres-page-001-1024x794.jpg\" alt=\"\" class=\"wp-image-4287\" srcset=\"http:\/\/www.ulcgt69villefranche.fr\/wp-content\/uploads\/2022\/11\/01112022-La-DS-de-Spicer-de-sera-as-licenciee-Le-Progres-page-001-1024x794.jpg 1024w, http:\/\/www.ulcgt69villefranche.fr\/wp-content\/uploads\/2022\/11\/01112022-La-DS-de-Spicer-de-sera-as-licenciee-Le-Progres-page-001-300x233.jpg 300w, http:\/\/www.ulcgt69villefranche.fr\/wp-content\/uploads\/2022\/11\/01112022-La-DS-de-Spicer-de-sera-as-licenciee-Le-Progres-page-001-768x596.jpg 768w, http:\/\/www.ulcgt69villefranche.fr\/wp-content\/uploads\/2022\/11\/01112022-La-DS-de-Spicer-de-sera-as-licenciee-Le-Progres-page-001.jpg 1418w\" sizes=\"(max-width: 1024px) 100vw, 1024px\" \/><\/a><figcaption><strong><a href=\"http:\/\/www.ulcgt69villefranche.fr\/wp-content\/uploads\/2022\/11\/01112022-La-DS-de-Spicer-de-sera-pas-licenciee-Le-Progres.pdf\" target=\"_blank\" rel=\"noreferrer noopener\">Article du progr\u00e8s (format pdf)<\/a><\/strong><\/figcaption><\/figure>\n","protected":false},"excerpt":{"rendered":"<p>La d\u00e9l\u00e9gu\u00e9e syndicale de Spicer ne sera pas licenci\u00e9e<\/p>\n","protected":false},"author":7,"featured_media":0,"comment_status":"closed","ping_status":"closed","sticky":false,"template":"","format":"standard","meta":[],"categories":[1],"tags":[],"_links":{"self":[{"href":"http:\/\/www.ulcgt69villefranche.fr\/index.php?rest_route=\/wp\/v2\/posts\/4286"}],"collection":[{"href":"http:\/\/www.ulcgt69villefranche.fr\/index.php?rest_route=\/wp\/v2\/posts"}],"about":[{"href":"http:\/\/www.ulcgt69villefranche.fr\/index.php?rest_route=\/wp\/v2\/types\/post"}],"author":[{"embeddable":true,"href":"http:\/\/www.ulcgt69villefranche.fr\/index.php?rest_route=\/wp\/v2\/users\/7"}],"replies":[{"embeddable":true,"href":"http:\/\/www.ulcgt69villefranche.fr\/index.php?rest_route=%2Fwp%2Fv2%2Fcomments&post=4286"}],"version-history":[{"count":2,"href":"http:\/\/www.ulcgt69villefranche.fr\/index.php?rest_route=\/wp\/v2\/posts\/4286\/revisions"}],"predecessor-version":[{"id":4290,"href":"http:\/\/www.ulcgt69villefranche.fr\/index.php?rest_route=\/wp\/v2\/posts\/4286\/revisions\/4290"}],"wp:attachment":[{"href":"http:\/\/www.ulcgt69villefranche.fr\/index.php?rest_route=%2Fwp%2Fv2%2Fmedia&parent=4286"}],"wp:term":[{"taxonomy":"category","embeddable":true,"href":"http:\/\/www.ulcgt69villefranche.fr\/index.php?rest_route=%2Fwp%2Fv2%2Fcategories&post=4286"},{"taxonomy":"post_tag","embeddable":true,"href":"http:\/\/www.ulcgt69villefranche.fr\/index.php?rest_route=%2Fwp%2Fv2%2Ftags&post=4286"}],"curies":[{"name":"wp","href":"https:\/\/api.w.org\/{rel}","templated":true}]}}