{"id":4275,"date":"2022-11-07T21:20:21","date_gmt":"2022-11-07T20:20:21","guid":{"rendered":"http:\/\/www.ulcgt69villefranche.fr\/?p=4275"},"modified":"2022-11-07T21:20:39","modified_gmt":"2022-11-07T20:20:39","slug":"8-novembre-2022-manifestation-pour-laugmentation-des-salaires-et-des-pensions","status":"publish","type":"post","link":"http:\/\/www.ulcgt69villefranche.fr\/?p=4275","title":{"rendered":"10 Novembre 2022 MANIFESTATION POUR L&rsquo;AUGMENTATION DES SALAIRES ET DES PENSIONS"},"content":{"rendered":"\n<h1>STOP AUX FAUSSES SOLUTIONS! TOUT AUGMENTE SAUF LES SALAIRES<\/h1>\n\n\n\n<h2>Manifestation D\u00e9part Place de la Lib\u00e9ration \u00e0 16h00<\/h2>\n\n\n\n<figure class=\"wp-block-image size-large\"><a href=\"http:\/\/www.ulcgt69villefranche.fr\/wp-content\/uploads\/2022\/11\/Tract-UL-10-novembre-2022-Recto.jpg\"><img loading=\"lazy\" width=\"1024\" height=\"709\" src=\"http:\/\/www.ulcgt69villefranche.fr\/wp-content\/uploads\/2022\/11\/Tract-UL-10-novembre-2022-Recto-1024x709.jpg\" alt=\"\" class=\"wp-image-4277\" srcset=\"http:\/\/www.ulcgt69villefranche.fr\/wp-content\/uploads\/2022\/11\/Tract-UL-10-novembre-2022-Recto-1024x709.jpg 1024w, http:\/\/www.ulcgt69villefranche.fr\/wp-content\/uploads\/2022\/11\/Tract-UL-10-novembre-2022-Recto-300x208.jpg 300w, http:\/\/www.ulcgt69villefranche.fr\/wp-content\/uploads\/2022\/11\/Tract-UL-10-novembre-2022-Recto-768x532.jpg 768w, http:\/\/www.ulcgt69villefranche.fr\/wp-content\/uploads\/2022\/11\/Tract-UL-10-novembre-2022-Recto-1536x1063.jpg 1536w, http:\/\/www.ulcgt69villefranche.fr\/wp-content\/uploads\/2022\/11\/Tract-UL-10-novembre-2022-Recto.jpg 1625w\" sizes=\"(max-width: 1024px) 100vw, 1024px\" \/><\/a><figcaption><strong><a href=\"http:\/\/www.ulcgt69villefranche.fr\/wp-content\/uploads\/2022\/11\/Tract-UL-10-novembre-2022-Recto.pdf\" target=\"_blank\" rel=\"noreferrer noopener\">Tract UL 10 novembre 2022 Recto<\/a><\/strong><\/figcaption><\/figure>\n\n\n\n<figure class=\"wp-block-image size-large\"><a href=\"http:\/\/www.ulcgt69villefranche.fr\/wp-content\/uploads\/2022\/11\/Tract-UL-10-novembre-2022-Verso.jpg\"><img loading=\"lazy\" width=\"1024\" height=\"760\" src=\"http:\/\/www.ulcgt69villefranche.fr\/wp-content\/uploads\/2022\/11\/Tract-UL-10-novembre-2022-Verso-1024x760.jpg\" alt=\"\" class=\"wp-image-4278\" srcset=\"http:\/\/www.ulcgt69villefranche.fr\/wp-content\/uploads\/2022\/11\/Tract-UL-10-novembre-2022-Verso-1024x760.jpg 1024w, http:\/\/www.ulcgt69villefranche.fr\/wp-content\/uploads\/2022\/11\/Tract-UL-10-novembre-2022-Verso-300x223.jpg 300w, http:\/\/www.ulcgt69villefranche.fr\/wp-content\/uploads\/2022\/11\/Tract-UL-10-novembre-2022-Verso-768x570.jpg 768w, http:\/\/www.ulcgt69villefranche.fr\/wp-content\/uploads\/2022\/11\/Tract-UL-10-novembre-2022-Verso-1536x1140.jpg 1536w, http:\/\/www.ulcgt69villefranche.fr\/wp-content\/uploads\/2022\/11\/Tract-UL-10-novembre-2022-Verso.jpg 1600w\" sizes=\"(max-width: 1024px) 100vw, 1024px\" \/><\/a><figcaption><strong><a href=\"http:\/\/www.ulcgt69villefranche.fr\/wp-content\/uploads\/2022\/11\/Tract-UL-10-novembre-2022-Verso.pdf\" target=\"_blank\" rel=\"noreferrer noopener\">Tract UL 10 novembre 2022 Verso<\/a><\/strong><\/figcaption><\/figure>\n\n\n\n<p><strong><a href=\"http:\/\/www.ulcgt69villefranche.fr\/wp-content\/uploads\/2022\/11\/Tract-UD-10-Novembre-2022.pdf\" target=\"_blank\" rel=\"noreferrer noopener\">Tract UD 10 Novembre 2022<\/a><\/strong><\/p>\n","protected":false},"excerpt":{"rendered":"<p>STOP AUX FAUSSES SOLUTIONS! TOUT AUGMENTE SAUF LES SALAIRES Manifestation D\u00e9part Place de la Lib\u00e9ration \u00e0 16h00 Tract UD 10 Novembre 2022<\/p>\n","protected":false},"author":7,"featured_media":0,"comment_status":"closed","ping_status":"closed","sticky":false,"template":"","format":"standard","meta":[],"categories":[1],"tags":[],"_links":{"self":[{"href":"http:\/\/www.ulcgt69villefranche.fr\/index.php?rest_route=\/wp\/v2\/posts\/4275"}],"collection":[{"href":"http:\/\/www.ulcgt69villefranche.fr\/index.php?rest_route=\/wp\/v2\/posts"}],"about":[{"href":"http:\/\/www.ulcgt69villefranche.fr\/index.php?rest_route=\/wp\/v2\/types\/post"}],"author":[{"embeddable":true,"href":"http:\/\/www.ulcgt69villefranche.fr\/index.php?rest_route=\/wp\/v2\/users\/7"}],"replies":[{"embeddable":true,"href":"http:\/\/www.ulcgt69villefranche.fr\/index.php?rest_route=%2Fwp%2Fv2%2Fcomments&post=4275"}],"version-history":[{"count":4,"href":"http:\/\/www.ulcgt69villefranche.fr\/index.php?rest_route=\/wp\/v2\/posts\/4275\/revisions"}],"predecessor-version":[{"id":4285,"href":"http:\/\/www.ulcgt69villefranche.fr\/index.php?rest_route=\/wp\/v2\/posts\/4275\/revisions\/4285"}],"wp:attachment":[{"href":"http:\/\/www.ulcgt69villefranche.fr\/index.php?rest_route=%2Fwp%2Fv2%2Fmedia&parent=4275"}],"wp:term":[{"taxonomy":"category","embeddable":true,"href":"http:\/\/www.ulcgt69villefranche.fr\/index.php?rest_route=%2Fwp%2Fv2%2Fcategories&post=4275"},{"taxonomy":"post_tag","embeddable":true,"href":"http:\/\/www.ulcgt69villefranche.fr\/index.php?rest_route=%2Fwp%2Fv2%2Ftags&post=4275"}],"curies":[{"name":"wp","href":"https:\/\/api.w.org\/{rel}","templated":true}]}}