{"id":4230,"date":"2022-10-13T17:28:20","date_gmt":"2022-10-13T15:28:20","guid":{"rendered":"http:\/\/www.ulcgt69villefranche.fr\/?p=4230"},"modified":"2022-10-13T20:53:09","modified_gmt":"2022-10-13T18:53:09","slug":"18-octobre-2022-rassemblement-de-soutien-aux-salaries-en-lutte-actuellement-pour-le-pouvoir-dachat","status":"publish","type":"post","link":"http:\/\/www.ulcgt69villefranche.fr\/?p=4230","title":{"rendered":"18 Octobre 2022 Rassemblement de soutien aux salari\u00e9s en lutte actuellement pour les salaires et le pouvoir d&rsquo;achat"},"content":{"rendered":"\n<h1>Rassemblement pour nos Salaires et nos droits Place des Arts le 18 Octobre 2022 \u00e0 partir de 16h00.<\/h1>\n\n\n\n<p><strong><mark style=\"background-color:rgba(0, 0, 0, 0)\" class=\"has-inline-color has-vivid-cyan-blue-color\">Dans la continuit\u00e9 de la journ\u00e9e de gr\u00e8ve et de manifestation du 29 septembre et pour poursuivre dans cette dynamique, la conf\u00e9d\u00e9ration appelle les syndicats \u00e0 se saisir de la semaine de d\u00e9ploiement du 17 au 24 octobre, pour aller prioritairement sur tout autre activit\u00e9, au contact de nos syndiqu\u00e9s, au contact des salari\u00e9s, pour \u00e9laborer avec eux les revendications et les moyens de les faire aboutir.<\/mark><\/strong><\/p>\n\n\n\n<p><strong><mark style=\"background-color:rgba(0, 0, 0, 0)\" class=\"has-inline-color has-vivid-cyan-blue-color\">Le 29 septembre, ce sont des dizaines de milliers de travailleurs qui ont fait gr\u00e8ve. Ils ont exprim\u00e9 leur volont\u00e9 d\u2019imposer d\u2019autres choix que ceux qui consistent \u00e0 enrichir le capital, sans jamais entendre que ce sont bien les salari\u00e9s qui font l\u2019\u00e9conomie du pays. Oui, il est urgent d\u2019imposer la r\u00e9ouverture des n\u00e9gociations sur les salaires de partout. C\u2019est pourquoi l&rsquo;Union Locale et l\u2019UD CGT 69 appelle l\u2019ensemble des d\u00e9l\u00e9gu\u00e9s syndicaux \u00e0 demander par \u00e9crit l\u2019ouverture de nouvelles n\u00e9gociations sur les salaires en urgence \u00e0 la vue notamment de l\u2019inflation et de l\u2019augmentation du co\u00fbt de la vie. La r\u00e9ponse patronale ou la non r\u00e9ponse pourra servir d\u2019appui pour r\u00e9v\u00e9ler le m\u00e9pris des employeurs vis-\u00e0-vis de la juste r\u00e9mun\u00e9ration des travailleurs.<\/mark><\/strong><\/p>\n\n\n\n<p><strong><mark style=\"background-color:rgba(0, 0, 0, 0)\" class=\"has-inline-color has-vivid-cyan-blue-color\">Nous le savons, des enjeux de soci\u00e9t\u00e9, dont la retraite et l\u2019assurance ch\u00f4mage, sont mis en discussion par le gouvernement et n\u00e9cessiteront une r\u00e9ponse massive de notre part.<\/mark><\/strong><\/p>\n\n\n\n<h2><strong><em><a href=\"http:\/\/www.ulcgt69villefranche.fr\/wp-content\/uploads\/2022\/10\/20221013_Mobil18Raffi_Tract_SR.pdf\" target=\"_blank\" rel=\"noreferrer noopener\">Tract du 18 Octobre : la r\u00e9ponse c&rsquo;est la gr\u00e8ve ! Pour augmenter les salaires maintenant !<\/a><\/em><\/strong><\/h2>\n\n\n\n<h2><a href=\"https:\/\/www.cheminotcgt.fr\/actions\/action-du-18-octobre-2022\/18-octobre-2022-en-avant-toutes-et-tous\/\" target=\"_blank\" rel=\"noreferrer noopener\">Cheminots en lutte ce 18 Octobre 2022<\/a><\/h2>\n\n\n\n<h2><a rel=\"noreferrer noopener\" href=\"https:\/\/www.cgtservicespublics.fr\/les-luttes\/actualite-des-luttes-2022\/preavis-de-greve\/article\/preavis-de-greve-de-la-federation-cgt-des-services-publics-pour-les-journees-du\" target=\"_blank\">Services Publics en lutte du 1er au 31 Octobre 2022<\/a><\/h2>\n\n\n\n<p><\/p>\n\n\n\n<p><\/p>\n\n\n\n<h2><strong>Industries p\u00e9troli\u00e8res : si on r\u00e9tablissait la v\u00e9rit\u00e9 !<\/strong><\/h2>\n\n\n\n<figure class=\"wp-block-image size-large\"><a href=\"http:\/\/www.ulcgt69villefranche.fr\/wp-content\/uploads\/2022\/10\/Industies-petrolieres.jpg\"><img loading=\"lazy\" width=\"1024\" height=\"303\" src=\"http:\/\/www.ulcgt69villefranche.fr\/wp-content\/uploads\/2022\/10\/Industies-petrolieres-1024x303.jpg\" alt=\"\" class=\"wp-image-4237\" srcset=\"http:\/\/www.ulcgt69villefranche.fr\/wp-content\/uploads\/2022\/10\/Industies-petrolieres-1024x303.jpg 1024w, http:\/\/www.ulcgt69villefranche.fr\/wp-content\/uploads\/2022\/10\/Industies-petrolieres-300x89.jpg 300w, http:\/\/www.ulcgt69villefranche.fr\/wp-content\/uploads\/2022\/10\/Industies-petrolieres-768x227.jpg 768w, http:\/\/www.ulcgt69villefranche.fr\/wp-content\/uploads\/2022\/10\/Industies-petrolieres-1536x455.jpg 1536w, http:\/\/www.ulcgt69villefranche.fr\/wp-content\/uploads\/2022\/10\/Industies-petrolieres.jpg 2012w\" sizes=\"(max-width: 1024px) 100vw, 1024px\" \/><\/a><\/figure>\n\n\n\n<h2><strong><mark style=\"background-color:rgba(0, 0, 0, 0)\" class=\"has-inline-color has-vivid-red-color\">Etonnant ! Il n\u2019y a pas eu ce d\u00e9cha\u00eenement m\u00e9diatique, gouvernemental et autres\u2026 quand le prix de l\u2019essence a grimp\u00e9 \u00e0 2 euros ! Pourtant, c\u2019est bien une prise d\u2019otage : faire payer le consommateur alors que (par exemple) Total distribue \u00e0 ces actionnaires 2,62 milliards de dividendes \u00ab exceptionnels \u00bb.<\/mark><\/strong><\/h2>\n\n\n\n<p><strong>Salaires dans les industries p\u00e9troli\u00e8res : si on r\u00e9tablissait la v\u00e9rit\u00e9<br><\/strong>L\u2019accord salarial du 3 octobre 2022 dans la branche P\u00e9trole (que la CGT n\u2019a pas sign\u00e9) donne la r\u00e9alit\u00e9 des salaires.<br>Ainsi, comme beaucoup d\u2019autres grilles dans de nombreux champs professionnels, les premiers coefficients (130 \u00e0 200) sont inf\u00e9rieurs au Smic et n\u00e9cessitent le versement d\u2019une prime voire plusieurs primes pour l\u2019atteindre.<br>Un op\u00e9rateur de raffinerie (coefficient entre 170 et 215) commence donc au Smic ! Nous sommes loin des 5000 euros annonc\u00e9s par la direction de Total !<br>Graduellement, les consolistes sont au coefficient 230 (soit un salaire de 2275,67 euros brut mensuel), les consolistes experts au 270, les rempla\u00e7ants chefs op\u00e9rateurs 250 et les chefs op\u00e9rateurs entre 310 et 340 (soit un salaire de 2995,92 euros Brut mensuel).<br>Bien s\u00fbr, il existe des salaires beaucoup plus importants, pour les hauts cadres et dirigeants des entreprises du secteur, mais ceux-l\u00e0 ne sont pas soumis \u00e0 n\u00e9gociation collective.<br>Le PDG de Total \u00e9marge ainsi \u00e0 5,8 millions euros par an. Facile donc, ensuite, de faire une moyenne hors r\u00e9alit\u00e9 du travail, en prenant en compte des salari\u00e9s tr\u00e8s \u00e9loign\u00e9s des raffineries. Il s\u2019est d\u2019ailleurs lui-m\u00eame octroy\u00e9 une augmentation de 52% cette ann\u00e9e.<br>Non, les salari\u00e9s de la branche P\u00e9trole ne sont pas des nantis, comme on voudrait le faire croire.<br>Ce que r\u00e9clament les salari\u00e9s des raffineries comme tant d\u2019autres salari\u00e9s de ce pays, c\u2019est une plus juste r\u00e9partition des revenus issus du travail, de leur travail !<br>La responsabilit\u00e9 du gouvernement est donc grande pour r\u00e9soudre cette lutte l\u00e9gitime :<br>    en for\u00e7ant les dirigeants de ces entreprises \u00e0 ouvrir imm\u00e9diatement de r\u00e9elles n\u00e9gociations ;<br>    en votant une loi relevant automatiquement les minimas de branches \u00e0 chaque augmentation du Smic et incluant une \u00e9chelle mobile des salaires.<\/p>\n\n\n\n<p><br>Tout l\u2019inverse d\u2019une menace de r\u00e9quisition, d\u00e9j\u00e0 largement d\u00e9nonc\u00e9e en 2011 par l\u2019OIT (organisation internationale du travail) comme \u00e9tant contraire au droit de gr\u00e8ve !<strong><br>La CGT appelle \u00e0 soutenir les salari\u00e9s en gr\u00e8ve et \u00e0 organiser et amplifier les luttes sur les salaires dans toutes les entreprises et services.<\/strong><\/p>\n","protected":false},"excerpt":{"rendered":"<p>Rassemblement pour nos Salaires et nos droits Place des Arts le 18 Octobre 2022 \u00e0 partir de 16h00. Dans la continuit\u00e9 de la journ\u00e9e de gr\u00e8ve et de manifestation du 29 septembre et pour poursuivre dans cette dynamique, la conf\u00e9d\u00e9ration appelle les syndicats \u00e0 se saisir de la semaine de d\u00e9ploiement du 17 au 24 [&hellip;]<\/p>\n","protected":false},"author":7,"featured_media":0,"comment_status":"closed","ping_status":"closed","sticky":false,"template":"","format":"standard","meta":[],"categories":[1],"tags":[],"_links":{"self":[{"href":"http:\/\/www.ulcgt69villefranche.fr\/index.php?rest_route=\/wp\/v2\/posts\/4230"}],"collection":[{"href":"http:\/\/www.ulcgt69villefranche.fr\/index.php?rest_route=\/wp\/v2\/posts"}],"about":[{"href":"http:\/\/www.ulcgt69villefranche.fr\/index.php?rest_route=\/wp\/v2\/types\/post"}],"author":[{"embeddable":true,"href":"http:\/\/www.ulcgt69villefranche.fr\/index.php?rest_route=\/wp\/v2\/users\/7"}],"replies":[{"embeddable":true,"href":"http:\/\/www.ulcgt69villefranche.fr\/index.php?rest_route=%2Fwp%2Fv2%2Fcomments&post=4230"}],"version-history":[{"count":15,"href":"http:\/\/www.ulcgt69villefranche.fr\/index.php?rest_route=\/wp\/v2\/posts\/4230\/revisions"}],"predecessor-version":[{"id":4249,"href":"http:\/\/www.ulcgt69villefranche.fr\/index.php?rest_route=\/wp\/v2\/posts\/4230\/revisions\/4249"}],"wp:attachment":[{"href":"http:\/\/www.ulcgt69villefranche.fr\/index.php?rest_route=%2Fwp%2Fv2%2Fmedia&parent=4230"}],"wp:term":[{"taxonomy":"category","embeddable":true,"href":"http:\/\/www.ulcgt69villefranche.fr\/index.php?rest_route=%2Fwp%2Fv2%2Fcategories&post=4230"},{"taxonomy":"post_tag","embeddable":true,"href":"http:\/\/www.ulcgt69villefranche.fr\/index.php?rest_route=%2Fwp%2Fv2%2Ftags&post=4230"}],"curies":[{"name":"wp","href":"https:\/\/api.w.org\/{rel}","templated":true}]}}