{"id":4193,"date":"2022-09-22T15:20:15","date_gmt":"2022-09-22T13:20:15","guid":{"rendered":"http:\/\/www.ulcgt69villefranche.fr\/?p=4193"},"modified":"2022-09-22T15:20:15","modified_gmt":"2022-09-22T13:20:15","slug":"29-09-2022-pour-laugmentation-des-salaires-la-reduction-du-temps-de-travail-la-retraite-a-60-ans","status":"publish","type":"post","link":"http:\/\/www.ulcgt69villefranche.fr\/?p=4193","title":{"rendered":"29\/09\/2022: Pour l&rsquo;augmentation des salaires, la r\u00e9duction du temps de travail, la retraite \u00e0 60 ans"},"content":{"rendered":"\n<figure class=\"wp-container-2 wp-block-gallery-1 wp-block-gallery has-nested-images columns-default is-cropped\">\n<figure class=\"wp-block-image size-large\"><a href=\"http:\/\/www.ulcgt69villefranche.fr\/wp-content\/uploads\/2022\/09\/image-tract-290922.jpg\"><img loading=\"lazy\" width=\"960\" height=\"524\" data-id=\"4195\"  src=\"http:\/\/www.ulcgt69villefranche.fr\/wp-content\/uploads\/2022\/09\/image-tract-290922.jpg\" alt=\"\" class=\"wp-image-4195\" srcset=\"http:\/\/www.ulcgt69villefranche.fr\/wp-content\/uploads\/2022\/09\/image-tract-290922.jpg 960w, http:\/\/www.ulcgt69villefranche.fr\/wp-content\/uploads\/2022\/09\/image-tract-290922-300x164.jpg 300w, http:\/\/www.ulcgt69villefranche.fr\/wp-content\/uploads\/2022\/09\/image-tract-290922-768x419.jpg 768w\" sizes=\"(max-width: 960px) 100vw, 960px\" \/><\/a><\/figure>\n<\/figure>\n\n\n\n<h2>En gr\u00e8ve et manifestation intersyndicale, rdv Jeudi 29 Septembre 2022, Place du Promenoir  (Place de la Lib\u00e9ration) \u00e0 partir de 17h00<\/h2>\n\n\n\n<figure class=\"wp-block-image size-large\"><a href=\"http:\/\/www.ulcgt69villefranche.fr\/wp-content\/uploads\/2022\/09\/tract-UDCGT69-29092022-Recto.jpg\"><img loading=\"lazy\" width=\"1024\" height=\"743\" src=\"http:\/\/www.ulcgt69villefranche.fr\/wp-content\/uploads\/2022\/09\/tract-UDCGT69-29092022-Recto-1024x743.jpg\" alt=\"\" class=\"wp-image-4198\" srcset=\"http:\/\/www.ulcgt69villefranche.fr\/wp-content\/uploads\/2022\/09\/tract-UDCGT69-29092022-Recto-1024x743.jpg 1024w, http:\/\/www.ulcgt69villefranche.fr\/wp-content\/uploads\/2022\/09\/tract-UDCGT69-29092022-Recto-300x218.jpg 300w, http:\/\/www.ulcgt69villefranche.fr\/wp-content\/uploads\/2022\/09\/tract-UDCGT69-29092022-Recto-768x557.jpg 768w, http:\/\/www.ulcgt69villefranche.fr\/wp-content\/uploads\/2022\/09\/tract-UDCGT69-29092022-Recto.jpg 1328w\" sizes=\"(max-width: 1024px) 100vw, 1024px\" \/><\/a><\/figure>\n\n\n\n<p><strong>&nbsp;<\/strong><strong>&nbsp;73 milliards d\u2019\u20ac de profit en un trimestre pour le CAC40 ! Qui dit mieux ?<\/strong><\/p>\n\n\n\n<p><strong>Il n\u2019y a pas de fatalit\u00e9 \u00e0 une telle r\u00e9gression sociale et une telle d\u00e9gradation environnementale :&nbsp;<\/strong><strong>Ensemble, imposons d\u2019autres choix, dans nos entreprises, dans nos services publics comme dans notre soci\u00e9t\u00e9. la CGT propose :&nbsp;<\/strong><\/p>\n\n\n\n<ul><li><strong>L\u2019augmentation g\u00e9n\u00e9rale des salaires et leur re-indexation \u00e0 minima sur l\u2019inflation<\/strong><\/li><li><strong>L\u2019abrogation des ordonnances Macron<\/strong><\/li><li><strong>L\u2019arr\u00eat des exon\u00e9rations de cotisations sociales, v\u00e9ritables vol de notre salaire d\u00e9truisant la s\u00e9curit\u00e9 sociale<\/strong><\/li><li><strong>L\u2019arr\u00eat de la casse des services publics,<\/strong><\/li><li><strong>L\u2019embauche en nombre suffisant de fonctionnaires et la titularisation des agents non titulaires<\/strong><\/li><li><strong>Une v\u00e9ritable planification \u00e9cologique en remettant les secteurs productifs et les r\u00e9seaux d\u2019\u00e9nergie\u00a0et de transports sous contr\u00f4le des travailleuses et travailleurs<\/strong><\/li><li>10 mesures d\u2019urgence sociale\u00a0<a href=\"https:\/\/ud69.reference-syndicale.fr\/2022\/08\/17\/10-mesures-durgence-pour-les-salaires\/\" target=\"_blank\" rel=\"noreferrer noopener\">ICI\u00a0<\/a><\/li><\/ul>\n\n\n\n<p><strong>La CGT a d\u2019autres propositions pour faire face \u00e0 l\u2019urgence sociale et l\u2019urgence climatique : Retrouvez les sur&nbsp;<a href=\"https:\/\/www.cgt.fr\/\">cgt.fr.<\/a><\/strong><\/p>\n\n\n\n<p><strong>Tant qu\u2019on ne sortira pas du capitalisme, la transition ne pourra se faire.<\/strong><\/p>\n","protected":false},"excerpt":{"rendered":"<p>En gr\u00e8ve et manifestation intersyndicale, rdv Jeudi 29 Septembre 2022, Place du Promenoir (Place de la Lib\u00e9ration) \u00e0 partir de 17h00 &nbsp;&nbsp;73 milliards d\u2019\u20ac de profit en un trimestre pour le CAC40 ! Qui dit mieux ? Il n\u2019y a pas de fatalit\u00e9 \u00e0 une telle r\u00e9gression sociale et une telle d\u00e9gradation environnementale :&nbsp;Ensemble, imposons [&hellip;]<\/p>\n","protected":false},"author":7,"featured_media":0,"comment_status":"closed","ping_status":"closed","sticky":false,"template":"","format":"standard","meta":[],"categories":[1],"tags":[],"_links":{"self":[{"href":"http:\/\/www.ulcgt69villefranche.fr\/index.php?rest_route=\/wp\/v2\/posts\/4193"}],"collection":[{"href":"http:\/\/www.ulcgt69villefranche.fr\/index.php?rest_route=\/wp\/v2\/posts"}],"about":[{"href":"http:\/\/www.ulcgt69villefranche.fr\/index.php?rest_route=\/wp\/v2\/types\/post"}],"author":[{"embeddable":true,"href":"http:\/\/www.ulcgt69villefranche.fr\/index.php?rest_route=\/wp\/v2\/users\/7"}],"replies":[{"embeddable":true,"href":"http:\/\/www.ulcgt69villefranche.fr\/index.php?rest_route=%2Fwp%2Fv2%2Fcomments&post=4193"}],"version-history":[{"count":4,"href":"http:\/\/www.ulcgt69villefranche.fr\/index.php?rest_route=\/wp\/v2\/posts\/4193\/revisions"}],"predecessor-version":[{"id":4200,"href":"http:\/\/www.ulcgt69villefranche.fr\/index.php?rest_route=\/wp\/v2\/posts\/4193\/revisions\/4200"}],"wp:attachment":[{"href":"http:\/\/www.ulcgt69villefranche.fr\/index.php?rest_route=%2Fwp%2Fv2%2Fmedia&parent=4193"}],"wp:term":[{"taxonomy":"category","embeddable":true,"href":"http:\/\/www.ulcgt69villefranche.fr\/index.php?rest_route=%2Fwp%2Fv2%2Fcategories&post=4193"},{"taxonomy":"post_tag","embeddable":true,"href":"http:\/\/www.ulcgt69villefranche.fr\/index.php?rest_route=%2Fwp%2Fv2%2Ftags&post=4193"}],"curies":[{"name":"wp","href":"https:\/\/api.w.org\/{rel}","templated":true}]}}