{"id":4173,"date":"2022-08-29T15:50:37","date_gmt":"2022-08-29T13:50:37","guid":{"rendered":"http:\/\/www.ulcgt69villefranche.fr\/?p=4173"},"modified":"2022-08-29T15:50:37","modified_gmt":"2022-08-29T13:50:37","slug":"prochaines-formations","status":"publish","type":"post","link":"http:\/\/www.ulcgt69villefranche.fr\/?p=4173","title":{"rendered":"Prochaines Formations"},"content":{"rendered":"\n<h1>Union Locale Villefranche Beaujolais et UD CGT 69<\/h1>\n\n\n\n<div class=\"wp-block-image\"><figure class=\"aligncenter size-full\"><a href=\"http:\/\/www.ulcgt69villefranche.fr\/wp-content\/uploads\/2021\/01\/admin-ajax.jpg\"><img loading=\"lazy\" width=\"400\" height=\"300\" src=\"http:\/\/www.ulcgt69villefranche.fr\/wp-content\/uploads\/2021\/01\/admin-ajax.jpg\" alt=\"\" class=\"wp-image-3303\" srcset=\"http:\/\/www.ulcgt69villefranche.fr\/wp-content\/uploads\/2021\/01\/admin-ajax.jpg 400w, http:\/\/www.ulcgt69villefranche.fr\/wp-content\/uploads\/2021\/01\/admin-ajax-300x225.jpg 300w\" sizes=\"(max-width: 400px) 100vw, 400px\" \/><\/a><\/figure><\/div>\n\n\n\n<h2>Formation Syndicale UL CGT 69 :  OCTOBRE &#8211; NOVEMBRE 2022<\/h2>\n\n\n\n<ul><li><strong>CCSCT : du 10 au 14 Octobre 2022<\/strong><\/li><\/ul>\n\n\n\n<ul><li><strong>Fiche de Paie : La journ\u00e9e du 15 Novembre 2022<\/strong><\/li><\/ul>\n\n\n\n<ul><li><strong>Niveau 1 (Report\u00e9) : du 21 au 25 Novembre 2022<\/strong><\/li><\/ul>\n\n\n\n<p>T\u00e9l\u00e9phone de l&rsquo;UL : 04 74 65 25 31<\/p>\n\n\n\n<p>E-Mail de formation : <a href=\"mailto:formationcgtvillefranche69@orange.fr\" target=\"_blank\" rel=\"noreferrer noopener\">formationcgtvillefranche69@orange.fr<\/a><\/p>\n\n\n\n<p><\/p>\n\n\n\n<figure class=\"wp-block-image size-full\"><a href=\"http:\/\/www.ulcgt69villefranche.fr\/wp-content\/uploads\/2020\/03\/UL-CGT.jpg\"><img loading=\"lazy\" width=\"103\" height=\"184\" src=\"http:\/\/www.ulcgt69villefranche.fr\/wp-content\/uploads\/2020\/03\/UL-CGT.jpg\" alt=\"\" class=\"wp-image-3084\"\/><\/a><\/figure>\n\n\n\n<h2>Formation Syndicale UD CGT 69 : SEPTEMBRE &#8211; OCTOBRE 2022<\/h2>\n\n\n\n<p>Cher-e-s Camarades<\/p>\n\n\n\n<p>Veuillez trouver ci-joint les prochaines sessions de formations organis\u00e9es par l\u2019Union D\u00e9partementale :<\/p>\n\n\n\n<ul><li><strong>NAO&nbsp;: du 21 au 22 septembre 2022, qui se tiendra dans les locaux de l\u2019Union Locale 7\/8<\/strong><\/li><\/ul>\n\n\n\n<ul><li><strong>ATMP&nbsp;: du 26 au 27 septembre 2022<\/strong><\/li><\/ul>\n\n\n\n<ul><li><strong>Animer un Syndicat&nbsp;: du 19 au 21 Octobre 2022<\/strong><\/li><\/ul>\n\n\n\n<p>Nous vous rappelons \u00e9galement la prochaine r\u00e9union du Collectif Formation de l\u2019UD CGT 69, qui aura lieu le 10 octobre \u00e0 partir de 13h30 \u00e0 la Bourse du travail, Salle A.<\/p>\n\n\n\n<p>Nous restons&nbsp;\u00e0 disposition pour tout compl\u00e9ment d\u2019information.<\/p>\n\n\n\n<p>Bises fraternelles<\/p>\n\n\n\n<p><strong><u>Pour la formation syndicale UD CGT69<\/u><\/strong><\/p>\n\n\n\n<figure class=\"wp-block-image\"><img src=\"https:\/\/mail.google.com\/mail\/u\/1?ui=2&amp;ik=7523e4d478&amp;attid=0.1&amp;permmsgid=msg-f:1742499262384389192&amp;th=182e99d8d3cd3c48&amp;view=fimg&amp;fur=ip&amp;sz=s0-l75-ft&amp;attbid=ANGjdJ9wMF1Ahox12GbQDSVVHrbgp9p_xTkHdU5y19VnwCgGZ6guITYQzCpttugQDcCs_TvPjBFDNjVUxSGOD5T4Q2TO5WPeyvhEht42PXAcJWDupE19g8xSsf105xc&amp;disp=emb\" alt=\"\"\/><\/figure>\n","protected":false},"excerpt":{"rendered":"<p>Union Locale Villefranche Beaujolais et UD CGT 69 Formation Syndicale UL CGT 69 : OCTOBRE &#8211; NOVEMBRE 2022 CCSCT : du 10 au 14 Octobre 2022 Fiche de Paie : La journ\u00e9e du 15 Novembre 2022 Niveau 1 (Report\u00e9) : du 21 au 25 Novembre 2022 T\u00e9l\u00e9phone de l&rsquo;UL : 04 74 65 25 31 [&hellip;]<\/p>\n","protected":false},"author":7,"featured_media":0,"comment_status":"closed","ping_status":"closed","sticky":false,"template":"","format":"standard","meta":[],"categories":[1],"tags":[],"_links":{"self":[{"href":"http:\/\/www.ulcgt69villefranche.fr\/index.php?rest_route=\/wp\/v2\/posts\/4173"}],"collection":[{"href":"http:\/\/www.ulcgt69villefranche.fr\/index.php?rest_route=\/wp\/v2\/posts"}],"about":[{"href":"http:\/\/www.ulcgt69villefranche.fr\/index.php?rest_route=\/wp\/v2\/types\/post"}],"author":[{"embeddable":true,"href":"http:\/\/www.ulcgt69villefranche.fr\/index.php?rest_route=\/wp\/v2\/users\/7"}],"replies":[{"embeddable":true,"href":"http:\/\/www.ulcgt69villefranche.fr\/index.php?rest_route=%2Fwp%2Fv2%2Fcomments&post=4173"}],"version-history":[{"count":6,"href":"http:\/\/www.ulcgt69villefranche.fr\/index.php?rest_route=\/wp\/v2\/posts\/4173\/revisions"}],"predecessor-version":[{"id":4180,"href":"http:\/\/www.ulcgt69villefranche.fr\/index.php?rest_route=\/wp\/v2\/posts\/4173\/revisions\/4180"}],"wp:attachment":[{"href":"http:\/\/www.ulcgt69villefranche.fr\/index.php?rest_route=%2Fwp%2Fv2%2Fmedia&parent=4173"}],"wp:term":[{"taxonomy":"category","embeddable":true,"href":"http:\/\/www.ulcgt69villefranche.fr\/index.php?rest_route=%2Fwp%2Fv2%2Fcategories&post=4173"},{"taxonomy":"post_tag","embeddable":true,"href":"http:\/\/www.ulcgt69villefranche.fr\/index.php?rest_route=%2Fwp%2Fv2%2Ftags&post=4173"}],"curies":[{"name":"wp","href":"https:\/\/api.w.org\/{rel}","templated":true}]}}