{"id":4146,"date":"2022-08-03T15:54:05","date_gmt":"2022-08-03T13:54:05","guid":{"rendered":"http:\/\/www.ulcgt69villefranche.fr\/?p=4146"},"modified":"2022-08-17T15:22:51","modified_gmt":"2022-08-17T13:22:51","slug":"lunion-locale-cgt-a-la-bourse-du-travail","status":"publish","type":"post","link":"http:\/\/www.ulcgt69villefranche.fr\/?p=4146","title":{"rendered":"L&rsquo;Union Locale CGT \u00e0 la Bourse du Travail"},"content":{"rendered":"\n<h2>Bourse du Travail<\/h2>\n\n\n\n<figure class=\"wp-block-image size-large is-resized\"><a href=\"http:\/\/www.ulcgt69villefranche.fr\/wp-content\/uploads\/2022\/08\/Bourse-du-Travail-scaled.jpg\"><img loading=\"lazy\" src=\"http:\/\/www.ulcgt69villefranche.fr\/wp-content\/uploads\/2022\/08\/Bourse-du-Travail-1024x678.jpg\" alt=\"\" class=\"wp-image-4143\" width=\"838\" height=\"555\" srcset=\"http:\/\/www.ulcgt69villefranche.fr\/wp-content\/uploads\/2022\/08\/Bourse-du-Travail-1024x678.jpg 1024w, http:\/\/www.ulcgt69villefranche.fr\/wp-content\/uploads\/2022\/08\/Bourse-du-Travail-300x199.jpg 300w, http:\/\/www.ulcgt69villefranche.fr\/wp-content\/uploads\/2022\/08\/Bourse-du-Travail-768x509.jpg 768w, http:\/\/www.ulcgt69villefranche.fr\/wp-content\/uploads\/2022\/08\/Bourse-du-Travail-1536x1017.jpg 1536w, http:\/\/www.ulcgt69villefranche.fr\/wp-content\/uploads\/2022\/08\/Bourse-du-Travail-2048x1356.jpg 2048w\" sizes=\"(max-width: 838px) 100vw, 838px\" \/><\/a><figcaption>Bourse du Travail apr\u00e8s les travaux<\/figcaption><\/figure>\n\n\n\n<h2>Place Roger Rousset<br>69400 VILLEFRANCHE sur SAONE<br>Tel : 04 74 65 25 31<\/h2>\n\n\n\n<figure class=\"wp-container-2 wp-block-gallery-1 wp-block-gallery has-nested-images columns-default is-cropped\">\n<figure class=\"wp-block-image size-large\"><a href=\"http:\/\/www.ulcgt69villefranche.fr\/wp-content\/uploads\/2022\/08\/DSC_0104-scaled.jpg\"><img loading=\"lazy\" width=\"2560\" height=\"1696\" data-id=\"4149\"  src=\"http:\/\/www.ulcgt69villefranche.fr\/wp-content\/uploads\/2022\/08\/DSC_0104-scaled.jpg\" alt=\"\" class=\"wp-image-4149\" srcset=\"http:\/\/www.ulcgt69villefranche.fr\/wp-content\/uploads\/2022\/08\/DSC_0104-scaled.jpg 2560w, http:\/\/www.ulcgt69villefranche.fr\/wp-content\/uploads\/2022\/08\/DSC_0104-300x199.jpg 300w, http:\/\/www.ulcgt69villefranche.fr\/wp-content\/uploads\/2022\/08\/DSC_0104-1024x678.jpg 1024w, http:\/\/www.ulcgt69villefranche.fr\/wp-content\/uploads\/2022\/08\/DSC_0104-768x509.jpg 768w, http:\/\/www.ulcgt69villefranche.fr\/wp-content\/uploads\/2022\/08\/DSC_0104-1536x1017.jpg 1536w, http:\/\/www.ulcgt69villefranche.fr\/wp-content\/uploads\/2022\/08\/DSC_0104-2048x1356.jpg 2048w\" sizes=\"(max-width: 2560px) 100vw, 2560px\" \/><\/a><figcaption>Entr\u00e9e Bourse du Travail<\/figcaption><\/figure>\n\n\n\n<figure class=\"wp-block-image size-large\"><a href=\"http:\/\/www.ulcgt69villefranche.fr\/wp-content\/uploads\/2022\/08\/Ascenceur-acces-a-letage-scaled.jpg\"><img loading=\"lazy\" width=\"2560\" height=\"1696\" data-id=\"4148\"  src=\"http:\/\/www.ulcgt69villefranche.fr\/wp-content\/uploads\/2022\/08\/Ascenceur-acces-a-letage-scaled.jpg\" alt=\"\" class=\"wp-image-4148\" srcset=\"http:\/\/www.ulcgt69villefranche.fr\/wp-content\/uploads\/2022\/08\/Ascenceur-acces-a-letage-scaled.jpg 2560w, http:\/\/www.ulcgt69villefranche.fr\/wp-content\/uploads\/2022\/08\/Ascenceur-acces-a-letage-300x199.jpg 300w, http:\/\/www.ulcgt69villefranche.fr\/wp-content\/uploads\/2022\/08\/Ascenceur-acces-a-letage-1024x678.jpg 1024w, http:\/\/www.ulcgt69villefranche.fr\/wp-content\/uploads\/2022\/08\/Ascenceur-acces-a-letage-768x509.jpg 768w, http:\/\/www.ulcgt69villefranche.fr\/wp-content\/uploads\/2022\/08\/Ascenceur-acces-a-letage-1536x1017.jpg 1536w, http:\/\/www.ulcgt69villefranche.fr\/wp-content\/uploads\/2022\/08\/Ascenceur-acces-a-letage-2048x1356.jpg 2048w\" sizes=\"(max-width: 2560px) 100vw, 2560px\" \/><\/a><figcaption>Acc\u00e8s \u00e0 l&rsquo;\u00e9tage<\/figcaption><\/figure>\n\n\n\n<figure class=\"wp-block-image size-large\"><a href=\"http:\/\/www.ulcgt69villefranche.fr\/wp-content\/uploads\/2022\/08\/Issue-de-Secours-scaled.jpg\"><img loading=\"lazy\" width=\"2560\" height=\"1696\" data-id=\"4150\"  src=\"http:\/\/www.ulcgt69villefranche.fr\/wp-content\/uploads\/2022\/08\/Issue-de-Secours-scaled.jpg\" alt=\"\" class=\"wp-image-4150\" srcset=\"http:\/\/www.ulcgt69villefranche.fr\/wp-content\/uploads\/2022\/08\/Issue-de-Secours-scaled.jpg 2560w, http:\/\/www.ulcgt69villefranche.fr\/wp-content\/uploads\/2022\/08\/Issue-de-Secours-300x199.jpg 300w, http:\/\/www.ulcgt69villefranche.fr\/wp-content\/uploads\/2022\/08\/Issue-de-Secours-1024x678.jpg 1024w, http:\/\/www.ulcgt69villefranche.fr\/wp-content\/uploads\/2022\/08\/Issue-de-Secours-768x509.jpg 768w, http:\/\/www.ulcgt69villefranche.fr\/wp-content\/uploads\/2022\/08\/Issue-de-Secours-1536x1017.jpg 1536w, http:\/\/www.ulcgt69villefranche.fr\/wp-content\/uploads\/2022\/08\/Issue-de-Secours-2048x1356.jpg 2048w\" sizes=\"(max-width: 2560px) 100vw, 2560px\" \/><\/a><figcaption>Issue de Secours<\/figcaption><\/figure>\n<\/figure>\n\n\n\n<p><strong><mark style=\"background-color:#cf2e2e\" class=\"has-inline-color has-luminous-vivid-amber-color\"><strong><mark style=\"background-color:#cf2e2e\" class=\"has-inline-color has-luminous-vivid-amber-color\">Accueil et renseignements les mardis et jeudi apr\u00e8s-midi de 14h00 \u00e0 18h00, les autres jours sont consacr\u00e9s aux syndiqu\u00e9s ou pour des rendez-vous. Sinon il est pr\u00e9f\u00e9rable de t\u00e9l\u00e9phoner avant de se d\u00e9placer.<\/mark><\/strong><\/mark><\/strong><\/p>\n\n\n\n<p class=\"has-text-align-left\"><strong><mark style=\"background-color:rgba(0, 0, 0, 0)\" class=\"has-inline-color has-vivid-cyan-blue-color\">E-Mail :<\/mark><\/strong>&nbsp;<mark><a href=\"mailto:ulcgtvillefranche69@gmail.com\"><mark style=\"background-color:#ffffff\" class=\"has-inline-color\">ulcgtvillefranche69@gmail.com<\/mark><\/a><\/mark> <\/p>\n\n\n\n<p><strong><mark style=\"background-color:rgba(0, 0, 0, 0)\" class=\"has-inline-color has-vivid-cyan-blue-color\">E-Mail Formation :<\/mark><\/strong> <a rel=\"noreferrer noopener\" href=\"mailto:formationcgtvillefranche69@orange.fr\" target=\"_blank\"><mark style=\"background-color:rgba(0, 0, 0, 0)\" class=\"has-inline-color has-vivid-red-color\"><strong>formationcgtvillefranche69@orange.fr<\/strong><\/mark><\/a><\/p>\n","protected":false},"excerpt":{"rendered":"<p>Bourse du Travail Place Roger Rousset69400 VILLEFRANCHE sur SAONETel : 04 74 65 25 31 Accueil et renseignements les mardis et jeudi apr\u00e8s-midi de 14h00 \u00e0 18h00, les autres jours sont consacr\u00e9s aux syndiqu\u00e9s ou pour des rendez-vous. Sinon il est pr\u00e9f\u00e9rable de t\u00e9l\u00e9phoner avant de se d\u00e9placer. E-Mail :&nbsp;ulcgtvillefranche69@gmail.com E-Mail Formation : formationcgtvillefranche69@orange.fr<\/p>\n","protected":false},"author":7,"featured_media":0,"comment_status":"closed","ping_status":"closed","sticky":false,"template":"","format":"standard","meta":[],"categories":[1],"tags":[],"_links":{"self":[{"href":"http:\/\/www.ulcgt69villefranche.fr\/index.php?rest_route=\/wp\/v2\/posts\/4146"}],"collection":[{"href":"http:\/\/www.ulcgt69villefranche.fr\/index.php?rest_route=\/wp\/v2\/posts"}],"about":[{"href":"http:\/\/www.ulcgt69villefranche.fr\/index.php?rest_route=\/wp\/v2\/types\/post"}],"author":[{"embeddable":true,"href":"http:\/\/www.ulcgt69villefranche.fr\/index.php?rest_route=\/wp\/v2\/users\/7"}],"replies":[{"embeddable":true,"href":"http:\/\/www.ulcgt69villefranche.fr\/index.php?rest_route=%2Fwp%2Fv2%2Fcomments&post=4146"}],"version-history":[{"count":8,"href":"http:\/\/www.ulcgt69villefranche.fr\/index.php?rest_route=\/wp\/v2\/posts\/4146\/revisions"}],"predecessor-version":[{"id":4170,"href":"http:\/\/www.ulcgt69villefranche.fr\/index.php?rest_route=\/wp\/v2\/posts\/4146\/revisions\/4170"}],"wp:attachment":[{"href":"http:\/\/www.ulcgt69villefranche.fr\/index.php?rest_route=%2Fwp%2Fv2%2Fmedia&parent=4146"}],"wp:term":[{"taxonomy":"category","embeddable":true,"href":"http:\/\/www.ulcgt69villefranche.fr\/index.php?rest_route=%2Fwp%2Fv2%2Fcategories&post=4146"},{"taxonomy":"post_tag","embeddable":true,"href":"http:\/\/www.ulcgt69villefranche.fr\/index.php?rest_route=%2Fwp%2Fv2%2Ftags&post=4146"}],"curies":[{"name":"wp","href":"https:\/\/api.w.org\/{rel}","templated":true}]}}