{"id":4133,"date":"2022-08-01T15:17:25","date_gmt":"2022-08-01T13:17:25","guid":{"rendered":"http:\/\/www.ulcgt69villefranche.fr\/?p=4133"},"modified":"2022-08-02T11:42:38","modified_gmt":"2022-08-02T09:42:38","slug":"calendrier-des-formations","status":"publish","type":"post","link":"http:\/\/www.ulcgt69villefranche.fr\/?p=4133","title":{"rendered":"Calendrier des formations"},"content":{"rendered":"\n<h2 class=\"has-text-align-center\">Programme Formation dernier semestre 2022<\/h2>\n\n\n\n<figure class=\"wp-block-image size-large\"><a href=\"http:\/\/www.ulcgt69villefranche.fr\/wp-content\/uploads\/2022\/07\/Calendrier-2022.jpg\"><img loading=\"lazy\" width=\"1024\" height=\"724\" src=\"http:\/\/www.ulcgt69villefranche.fr\/wp-content\/uploads\/2022\/07\/Calendrier-2022-1024x724.jpg\" alt=\"\" class=\"wp-image-4115\" srcset=\"http:\/\/www.ulcgt69villefranche.fr\/wp-content\/uploads\/2022\/07\/Calendrier-2022-1024x724.jpg 1024w, http:\/\/www.ulcgt69villefranche.fr\/wp-content\/uploads\/2022\/07\/Calendrier-2022-300x212.jpg 300w, http:\/\/www.ulcgt69villefranche.fr\/wp-content\/uploads\/2022\/07\/Calendrier-2022-768x543.jpg 768w, http:\/\/www.ulcgt69villefranche.fr\/wp-content\/uploads\/2022\/07\/Calendrier-2022-1536x1086.jpg 1536w, http:\/\/www.ulcgt69villefranche.fr\/wp-content\/uploads\/2022\/07\/Calendrier-2022.jpg 1754w\" sizes=\"(max-width: 1024px) 100vw, 1024px\" \/><\/a><figcaption><a rel=\"noreferrer noopener\" href=\"http:\/\/www.ulcgt69villefranche.fr\/?page_id=262\" target=\"_blank\">Calendrier des formations (formationcgtvillefranche69@orange.fr)<\/a><\/figcaption><\/figure>\n\n\n\n<h2>Formation Syndicale UD CGT 69 : SEPTEMBRE &#8211; OCTOBRE 2022<\/h2>\n\n\n\n<p>Les prochaines sessions de formations organis\u00e9es par l\u2019Union D\u00e9partementale sont&nbsp;:<\/p>\n\n\n\n<p>&#8211;\u00a0\u00a0\u00a0\u00a0\u00a0\u00a0\u00a0\u00a0\u00a0\u00a0<strong>NAO\u00a0: du 21 au 22 septembre 2022\u00a0: Pr\u00e9parer les n\u00e9gociations annuelles obligatoires et construire le rapport de force n\u00e9cessaire.\u00a0<\/strong><mark style=\"background-color:rgba(0, 0, 0, 0)\" class=\"has-inline-color has-vivid-red-color\">Reste 7 places disponibles.<\/mark> (Au 1er Ao\u00fbt)<\/p>\n\n\n\n<p>&#8211;&nbsp;&nbsp;&nbsp;&nbsp;&nbsp;&nbsp;&nbsp;&nbsp;&nbsp;&nbsp;<strong>ATMP&nbsp;: du 26 au 27 septembre 2022<\/strong><\/p>\n\n\n\n<p>&#8211;\u00a0\u00a0\u00a0\u00a0\u00a0\u00a0\u00a0\u00a0\u00a0\u00a0<strong>Animer un Syndicat\u00a0: du 19 au 21 Octobre 2022, \u00e0 l\u2019attention des secr\u00e9taires de syndicat et\/ou secr\u00e9taires \u00e0 la Vie syndicale (\u00e9quipe de direction de syndicat)\u00a0:\u00a0<\/strong><mark style=\"background-color:rgba(0, 0, 0, 0)\" class=\"has-inline-color has-vivid-red-color\">Reste 10 places disponibles.<\/mark> (Au 1er Ao\u00fbt)<\/p>\n\n\n\n<p>&#8211;\u00a0\u00a0\u00a0\u00a0\u00a0\u00a0\u00a0\u00a0\u00a0\u00a0<strong>Formation de Formateurs\u00a0(en externat) du 24 au 28\/10\/2022\u00a0:\u00a0<\/strong><mark style=\"background-color:rgba(0, 0, 0, 0)\" class=\"has-inline-color has-vivid-red-color\">Reste 12 places disponibles<\/mark> (Au 1er Ao\u00fbt)<\/p>\n\n\n\n<p>Nous restons \u00e0 disposition pour tout compl\u00e9ment d\u2019information.<\/p>\n\n\n\n<p>Bises fraternelles<\/p>\n\n\n\n<p><strong><u>Pour la formation syndicale UD CGT69<\/u><\/strong><\/p>\n\n\n\n<p><a href=\"http:\/\/www.ulcgt69villefranche.fr\/wp-content\/uploads\/2022\/08\/demande-CFESS-salarie.docx\" target=\"_blank\" rel=\"noreferrer noopener\">Demande CFESS salari\u00e9<\/a><\/p>\n\n\n\n<p><a href=\"http:\/\/www.ulcgt69villefranche.fr\/wp-content\/uploads\/2022\/08\/fiche.inscription.vierge.doc\" target=\"_blank\" rel=\"noreferrer noopener\">F<\/a><a rel=\"noreferrer noopener\" href=\"http:\/\/www.ulcgt69villefranche.fr\/wp-content\/uploads\/2022\/08\/fiche.inscription.vierge.doc\" target=\"_blank\">iche.inscription.vierge<\/a><\/p>\n\n\n\n<p><a href=\"http:\/\/www.ulcgt69villefranche.fr\/wp-content\/uploads\/2022\/08\/plan-de-formation-2eme-semestre-2022.xls\" target=\"_blank\" rel=\"noreferrer noopener\">Plan de formation 2\u00e8me semestre 2022<\/a><\/p>\n","protected":false},"excerpt":{"rendered":"<p>Programme Formation dernier semestre 2022 Formation Syndicale UD CGT 69 : SEPTEMBRE &#8211; OCTOBRE 2022 Les prochaines sessions de formations organis\u00e9es par l\u2019Union D\u00e9partementale sont&nbsp;: &#8211;\u00a0\u00a0\u00a0\u00a0\u00a0\u00a0\u00a0\u00a0\u00a0\u00a0NAO\u00a0: du 21 au 22 septembre 2022\u00a0: Pr\u00e9parer les n\u00e9gociations annuelles obligatoires et construire le rapport de force n\u00e9cessaire.\u00a0Reste 7 places disponibles. (Au 1er Ao\u00fbt) &#8211;&nbsp;&nbsp;&nbsp;&nbsp;&nbsp;&nbsp;&nbsp;&nbsp;&nbsp;&nbsp;ATMP&nbsp;: du 26 au 27 [&hellip;]<\/p>\n","protected":false},"author":7,"featured_media":0,"comment_status":"closed","ping_status":"closed","sticky":false,"template":"","format":"standard","meta":[],"categories":[1],"tags":[],"_links":{"self":[{"href":"http:\/\/www.ulcgt69villefranche.fr\/index.php?rest_route=\/wp\/v2\/posts\/4133"}],"collection":[{"href":"http:\/\/www.ulcgt69villefranche.fr\/index.php?rest_route=\/wp\/v2\/posts"}],"about":[{"href":"http:\/\/www.ulcgt69villefranche.fr\/index.php?rest_route=\/wp\/v2\/types\/post"}],"author":[{"embeddable":true,"href":"http:\/\/www.ulcgt69villefranche.fr\/index.php?rest_route=\/wp\/v2\/users\/7"}],"replies":[{"embeddable":true,"href":"http:\/\/www.ulcgt69villefranche.fr\/index.php?rest_route=%2Fwp%2Fv2%2Fcomments&post=4133"}],"version-history":[{"count":5,"href":"http:\/\/www.ulcgt69villefranche.fr\/index.php?rest_route=\/wp\/v2\/posts\/4133\/revisions"}],"predecessor-version":[{"id":4174,"href":"http:\/\/www.ulcgt69villefranche.fr\/index.php?rest_route=\/wp\/v2\/posts\/4133\/revisions\/4174"}],"wp:attachment":[{"href":"http:\/\/www.ulcgt69villefranche.fr\/index.php?rest_route=%2Fwp%2Fv2%2Fmedia&parent=4133"}],"wp:term":[{"taxonomy":"category","embeddable":true,"href":"http:\/\/www.ulcgt69villefranche.fr\/index.php?rest_route=%2Fwp%2Fv2%2Fcategories&post=4133"},{"taxonomy":"post_tag","embeddable":true,"href":"http:\/\/www.ulcgt69villefranche.fr\/index.php?rest_route=%2Fwp%2Fv2%2Ftags&post=4133"}],"curies":[{"name":"wp","href":"https:\/\/api.w.org\/{rel}","templated":true}]}}