{"id":4119,"date":"2022-07-28T15:51:11","date_gmt":"2022-07-28T13:51:11","guid":{"rendered":"http:\/\/www.ulcgt69villefranche.fr\/?p=4119"},"modified":"2022-07-28T15:51:11","modified_gmt":"2022-07-28T13:51:11","slug":"28-juillet-2022-union-locale-cgt-de-nouveau-operationnelle","status":"publish","type":"post","link":"http:\/\/www.ulcgt69villefranche.fr\/?p=4119","title":{"rendered":"28 Juillet 2022 : Union Locale CGT de nouveau op\u00e9rationnelle"},"content":{"rendered":"\n<p><mark style=\"background-color:rgba(0, 0, 0, 0)\" class=\"has-inline-color has-vivid-cyan-blue-color\"><strong>N\u00e9anmoins cette \u00e9t\u00e9 les horaires seront variable, il serait pr\u00e9f\u00e9rable de joindre l&rsquo;union locale par t\u00e9l\u00e9phone.<\/strong><\/mark><\/p>\n\n\n\n<h3>Informations de l&rsquo;Union Locale. <a href=\"http:\/\/www.ulcgt69villefranche.fr\/?page_id=142\" target=\"_blank\" rel=\"noreferrer noopener\">Clique ici.<\/a><\/h3>\n\n\n\n<h3><a rel=\"noreferrer noopener\" href=\"http:\/\/www.ulcgt69villefranche.fr\/?page_id=86\" target=\"_blank\">Calendrier 2022 (mis \u00e0 jour)<\/a> avec les formations et les dates des r\u00e9unions<\/h3>\n","protected":false},"excerpt":{"rendered":"<p>N\u00e9anmoins cette \u00e9t\u00e9 les horaires seront variable, il serait pr\u00e9f\u00e9rable de joindre l&rsquo;union locale par t\u00e9l\u00e9phone. Informations de l&rsquo;Union Locale. Clique ici. Calendrier 2022 (mis \u00e0 jour) avec les formations et les dates des r\u00e9unions<\/p>\n","protected":false},"author":7,"featured_media":0,"comment_status":"closed","ping_status":"closed","sticky":false,"template":"","format":"standard","meta":[],"categories":[1],"tags":[],"_links":{"self":[{"href":"http:\/\/www.ulcgt69villefranche.fr\/index.php?rest_route=\/wp\/v2\/posts\/4119"}],"collection":[{"href":"http:\/\/www.ulcgt69villefranche.fr\/index.php?rest_route=\/wp\/v2\/posts"}],"about":[{"href":"http:\/\/www.ulcgt69villefranche.fr\/index.php?rest_route=\/wp\/v2\/types\/post"}],"author":[{"embeddable":true,"href":"http:\/\/www.ulcgt69villefranche.fr\/index.php?rest_route=\/wp\/v2\/users\/7"}],"replies":[{"embeddable":true,"href":"http:\/\/www.ulcgt69villefranche.fr\/index.php?rest_route=%2Fwp%2Fv2%2Fcomments&post=4119"}],"version-history":[{"count":4,"href":"http:\/\/www.ulcgt69villefranche.fr\/index.php?rest_route=\/wp\/v2\/posts\/4119\/revisions"}],"predecessor-version":[{"id":4123,"href":"http:\/\/www.ulcgt69villefranche.fr\/index.php?rest_route=\/wp\/v2\/posts\/4119\/revisions\/4123"}],"wp:attachment":[{"href":"http:\/\/www.ulcgt69villefranche.fr\/index.php?rest_route=%2Fwp%2Fv2%2Fmedia&parent=4119"}],"wp:term":[{"taxonomy":"category","embeddable":true,"href":"http:\/\/www.ulcgt69villefranche.fr\/index.php?rest_route=%2Fwp%2Fv2%2Fcategories&post=4119"},{"taxonomy":"post_tag","embeddable":true,"href":"http:\/\/www.ulcgt69villefranche.fr\/index.php?rest_route=%2Fwp%2Fv2%2Ftags&post=4119"}],"curies":[{"name":"wp","href":"https:\/\/api.w.org\/{rel}","templated":true}]}}