{"id":4108,"date":"2022-07-28T15:06:37","date_gmt":"2022-07-28T13:06:37","guid":{"rendered":"http:\/\/www.ulcgt69villefranche.fr\/?p=4108"},"modified":"2022-07-28T15:06:37","modified_gmt":"2022-07-28T13:06:37","slug":"information-ud-lappel-a-la-greve-ce-jour-de-la-federation-de-la-chimie","status":"publish","type":"post","link":"http:\/\/www.ulcgt69villefranche.fr\/?p=4108","title":{"rendered":"Information UD : L&rsquo;Appel \u00e0 la gr\u00e8ve ce jour de la f\u00e9d\u00e9ration de la chimie."},"content":{"rendered":"\n<figure class=\"wp-block-image size-large\"><a href=\"http:\/\/www.ulcgt69villefranche.fr\/wp-content\/uploads\/2022\/07\/CHIMIE-LE-28-JUILLET-TOUTES-ET-TOUS-EN-GREVE-POUR-NOS-SALAIRES-page-001.jpg\"><img loading=\"lazy\" width=\"724\" height=\"1024\" src=\"http:\/\/www.ulcgt69villefranche.fr\/wp-content\/uploads\/2022\/07\/CHIMIE-LE-28-JUILLET-TOUTES-ET-TOUS-EN-GREVE-POUR-NOS-SALAIRES-page-001-724x1024.jpg\" alt=\"\" class=\"wp-image-4104\" srcset=\"http:\/\/www.ulcgt69villefranche.fr\/wp-content\/uploads\/2022\/07\/CHIMIE-LE-28-JUILLET-TOUTES-ET-TOUS-EN-GREVE-POUR-NOS-SALAIRES-page-001-724x1024.jpg 724w, http:\/\/www.ulcgt69villefranche.fr\/wp-content\/uploads\/2022\/07\/CHIMIE-LE-28-JUILLET-TOUTES-ET-TOUS-EN-GREVE-POUR-NOS-SALAIRES-page-001-212x300.jpg 212w, http:\/\/www.ulcgt69villefranche.fr\/wp-content\/uploads\/2022\/07\/CHIMIE-LE-28-JUILLET-TOUTES-ET-TOUS-EN-GREVE-POUR-NOS-SALAIRES-page-001-768x1086.jpg 768w, http:\/\/www.ulcgt69villefranche.fr\/wp-content\/uploads\/2022\/07\/CHIMIE-LE-28-JUILLET-TOUTES-ET-TOUS-EN-GREVE-POUR-NOS-SALAIRES-page-001-1086x1536.jpg 1086w, http:\/\/www.ulcgt69villefranche.fr\/wp-content\/uploads\/2022\/07\/CHIMIE-LE-28-JUILLET-TOUTES-ET-TOUS-EN-GREVE-POUR-NOS-SALAIRES-page-001.jpg 1240w\" sizes=\"(max-width: 724px) 100vw, 724px\" \/><\/a><\/figure>\n\n\n\n<h2><strong>Avec la CGT, organisons la lutte d\u00e8s le 28 Juillet et durant tout l&rsquo;\u00e9t\u00e9, pour aller vers une grande mobilisation d\u00e9but Septembre<\/strong><\/h2>\n\n\n\n<p>\u00a0<strong><a href=\"http:\/\/www.ulcgt69villefranche.fr\/wp-content\/uploads\/2022\/07\/CHIMIE-LE-28-JUILLET-TOUTES-ET-TOUS-EN-GREVE-POUR-NOS-SALAIRES.pdf\" target=\"_blank\" rel=\"noreferrer noopener\">L\u2019appel \u00e0 la gr\u00e8ve de la f\u00e9d\u00e9ration de la chimie pour le 28 juillet<\/a><\/strong><\/p>\n","protected":false},"excerpt":{"rendered":"<p>Avec la CGT, organisons la lutte d\u00e8s le 28 Juillet et durant tout l&rsquo;\u00e9t\u00e9, pour aller vers une grande mobilisation d\u00e9but Septembre \u00a0L\u2019appel \u00e0 la gr\u00e8ve de la f\u00e9d\u00e9ration de la chimie pour le 28 juillet<\/p>\n","protected":false},"author":7,"featured_media":0,"comment_status":"closed","ping_status":"closed","sticky":false,"template":"","format":"standard","meta":[],"categories":[1],"tags":[],"_links":{"self":[{"href":"http:\/\/www.ulcgt69villefranche.fr\/index.php?rest_route=\/wp\/v2\/posts\/4108"}],"collection":[{"href":"http:\/\/www.ulcgt69villefranche.fr\/index.php?rest_route=\/wp\/v2\/posts"}],"about":[{"href":"http:\/\/www.ulcgt69villefranche.fr\/index.php?rest_route=\/wp\/v2\/types\/post"}],"author":[{"embeddable":true,"href":"http:\/\/www.ulcgt69villefranche.fr\/index.php?rest_route=\/wp\/v2\/users\/7"}],"replies":[{"embeddable":true,"href":"http:\/\/www.ulcgt69villefranche.fr\/index.php?rest_route=%2Fwp%2Fv2%2Fcomments&post=4108"}],"version-history":[{"count":3,"href":"http:\/\/www.ulcgt69villefranche.fr\/index.php?rest_route=\/wp\/v2\/posts\/4108\/revisions"}],"predecessor-version":[{"id":4111,"href":"http:\/\/www.ulcgt69villefranche.fr\/index.php?rest_route=\/wp\/v2\/posts\/4108\/revisions\/4111"}],"wp:attachment":[{"href":"http:\/\/www.ulcgt69villefranche.fr\/index.php?rest_route=%2Fwp%2Fv2%2Fmedia&parent=4108"}],"wp:term":[{"taxonomy":"category","embeddable":true,"href":"http:\/\/www.ulcgt69villefranche.fr\/index.php?rest_route=%2Fwp%2Fv2%2Fcategories&post=4108"},{"taxonomy":"post_tag","embeddable":true,"href":"http:\/\/www.ulcgt69villefranche.fr\/index.php?rest_route=%2Fwp%2Fv2%2Ftags&post=4108"}],"curies":[{"name":"wp","href":"https:\/\/api.w.org\/{rel}","templated":true}]}}