{"id":409,"date":"2012-04-05T14:22:16","date_gmt":"2012-04-05T12:22:16","guid":{"rendered":"http:\/\/s319008135.onlinehome.fr\/WP\/?p=409"},"modified":"2013-03-14T17:20:22","modified_gmt":"2013-03-14T16:20:22","slug":"rassemblement-citoyen-contre-les-idees-du-front-national","status":"publish","type":"post","link":"http:\/\/www.ulcgt69villefranche.fr\/?p=409","title":{"rendered":"Rassemblement citoyen contre les id\u00e9es du front national"},"content":{"rendered":"<h4 style=\"text-align: center;\">Le samedi 7 avril 2012 \u00e0 14h, place des Terreaux \u00e0 Lyon<\/h4>\n<p style=\"text-align: justify;\">\u00a0\u00a0\u00a0\u00a0\u00a0\u00a0\u00a0\u00a0\u00a0 Un rassemblement citoyen contre les id\u00e9es du front national, le jour du meeting de Marine Le Pen \u00e0 Lyon, est organis\u00e9 par les organisations citoyennes, politiques et syndicales pour r\u00e9affirmer que les droits sociaux et les libert\u00e9s individuelles et collectives sont des acquis fondamentaux du bien-\u00eatre humain qui sont remises en cause par les th\u00e8ses du front national.<\/p>\n<p><a href=\"http:\/\/www.ulcgt69villefranche.fr\/wp-content\/uploads\/2012\/04\/2012-04-01rassemblement-citoyen.pdf\" target=\"_blank\">T\u00e9l\u00e9charger le document pdf<\/a><\/p>\n","protected":false},"excerpt":{"rendered":"<p>Le samedi 7 avril 2012 \u00e0 14h, place des Terreaux \u00e0 Lyon \u00a0\u00a0\u00a0\u00a0\u00a0\u00a0\u00a0\u00a0\u00a0 Un rassemblement citoyen contre les id\u00e9es du front national, le jour du meeting de Marine Le Pen \u00e0 Lyon, est organis\u00e9 par les organisations citoyennes, politiques et syndicales pour r\u00e9affirmer que les droits sociaux et les libert\u00e9s individuelles et collectives sont des [&hellip;]<\/p>\n","protected":false},"author":2,"featured_media":0,"comment_status":"closed","ping_status":"closed","sticky":false,"template":"","format":"standard","meta":[],"categories":[6],"tags":[32,31],"_links":{"self":[{"href":"http:\/\/www.ulcgt69villefranche.fr\/index.php?rest_route=\/wp\/v2\/posts\/409"}],"collection":[{"href":"http:\/\/www.ulcgt69villefranche.fr\/index.php?rest_route=\/wp\/v2\/posts"}],"about":[{"href":"http:\/\/www.ulcgt69villefranche.fr\/index.php?rest_route=\/wp\/v2\/types\/post"}],"author":[{"embeddable":true,"href":"http:\/\/www.ulcgt69villefranche.fr\/index.php?rest_route=\/wp\/v2\/users\/2"}],"replies":[{"embeddable":true,"href":"http:\/\/www.ulcgt69villefranche.fr\/index.php?rest_route=%2Fwp%2Fv2%2Fcomments&post=409"}],"version-history":[{"count":12,"href":"http:\/\/www.ulcgt69villefranche.fr\/index.php?rest_route=\/wp\/v2\/posts\/409\/revisions"}],"predecessor-version":[{"id":1150,"href":"http:\/\/www.ulcgt69villefranche.fr\/index.php?rest_route=\/wp\/v2\/posts\/409\/revisions\/1150"}],"wp:attachment":[{"href":"http:\/\/www.ulcgt69villefranche.fr\/index.php?rest_route=%2Fwp%2Fv2%2Fmedia&parent=409"}],"wp:term":[{"taxonomy":"category","embeddable":true,"href":"http:\/\/www.ulcgt69villefranche.fr\/index.php?rest_route=%2Fwp%2Fv2%2Fcategories&post=409"},{"taxonomy":"post_tag","embeddable":true,"href":"http:\/\/www.ulcgt69villefranche.fr\/index.php?rest_route=%2Fwp%2Fv2%2Ftags&post=409"}],"curies":[{"name":"wp","href":"https:\/\/api.w.org\/{rel}","templated":true}]}}