{"id":4053,"date":"2022-07-11T18:12:15","date_gmt":"2022-07-11T16:12:15","guid":{"rendered":"http:\/\/www.ulcgt69villefranche.fr\/?p=4053"},"modified":"2022-07-11T18:12:15","modified_gmt":"2022-07-11T16:12:15","slug":"13-juillet-2022-rassemblement-de-soutien-2","status":"publish","type":"post","link":"http:\/\/www.ulcgt69villefranche.fr\/?p=4053","title":{"rendered":"13 Juillet 2022 Rassemblement de soutien"},"content":{"rendered":"\n<figure class=\"wp-container-2 wp-block-gallery-1 wp-block-gallery aligncenter has-nested-images columns-default is-cropped\">\n<figure class=\"wp-block-image size-full is-resized\"><a href=\"http:\/\/www.ulcgt69villefranche.fr\/wp-content\/uploads\/2022\/07\/Communication.png\"><img loading=\"lazy\" data-id=\"4056\"  src=\"http:\/\/www.ulcgt69villefranche.fr\/wp-content\/uploads\/2022\/07\/Communication.png\" alt=\"\" class=\"wp-image-4056\" width=\"535\" height=\"134\" srcset=\"http:\/\/www.ulcgt69villefranche.fr\/wp-content\/uploads\/2022\/07\/Communication.png 353w, http:\/\/www.ulcgt69villefranche.fr\/wp-content\/uploads\/2022\/07\/Communication-300x75.png 300w\" sizes=\"(max-width: 535px) 100vw, 535px\" \/><\/a><\/figure>\n<\/figure>\n\n\n\n<h2 class=\"has-text-align-center\">\u00a0\u00a0<strong>URGENT URGENT\u00a0 URGENT<\/strong><br><br><strong>\u00ab Rassemblement de soutien \u00e0 notre camarade Najet de Spicer \u00bb<\/strong><br><br>\u00a0Apr\u00e8s l\u2019agression en pleine r\u00e9union CSE de notre camarade Najet et les sanctions sur les \u00e9lus CGT,<\/h2>\n\n\n\n<p>la direction de Spicer continue d\u2019appliquer une r\u00e9pression syndicale d&rsquo;ampleur sur notre \u00e9quipe CGT.<br><br>Ce mercredi 13 juillet, notre \u00e9lue CSE CGT Najet&nbsp;est convoqu\u00e9e \u00e0 10h00 pour un entretien pr\u00e9alable \u00e0 licenciement.<\/p>\n\n\n\n<p>Le m\u00eame jour le CSE est convoqu\u00e9 \u00e0 13H30 pour voter le licenciement de Najet.<\/p>\n\n\n\n<p>Autant dire que la direction ne perd pas de temps, la d\u00e9cision est d\u00e9j\u00e0 prise :\u00a0<strong><mark style=\"background-color:rgba(0, 0, 0, 0)\" class=\"has-inline-color has-vivid-red-color\">LICENCIEMENT.<\/mark><\/strong><\/p>\n\n\n\n<p>Pour cela, L\u2019Ustm, L\u2019UD 69 , L\u2019UL de Villefranche et le syndicat Spicer appellent tous les militants, les syndiqu\u00e9s, les salari\u00e9s \u00e0 venir soutenir notre camarade<\/p>\n\n\n\n<p>devant l\u2019entreprise&nbsp;<strong>Spicer au 11 rue Georges Mangin \u00e0 Villefranche \u00e0 partir de 9h30.<\/strong><\/p>\n\n\n\n<p><strong>L\u2019Union D\u00e9partementale invite ses syndicats et les militans CGT disponibles \u00e0 se joindre au rassemblement.<\/strong><strong><\/strong><\/p>\n\n\n\n<p><strong>Venez avec vos chasubles et drapeaux, un barbecue revendicatif sera organis\u00e9.<\/strong><\/p>\n\n\n\n<p><strong>On compte sur vous. On ne laissera pas tomber notre camarade<\/strong><\/p>\n\n\n\n<p>P\/ l\u2019Union D\u00e9partementale CGT69<\/p>\n\n\n\n<p>Sandrine Gammoudi-Sauz\u00e9at<\/p>\n\n\n\n<figure class=\"wp-block-image\"><img src=\"https:\/\/mail.google.com\/mail\/u\/1?ui=2&amp;ik=7523e4d478&amp;attid=0.3&amp;permmsgid=msg-f:1738061935958583207&amp;th=181ed61f427067a7&amp;view=fimg&amp;fur=ip&amp;sz=s0-l75-ft&amp;attbid=ANGjdJ98tey865J0ItrcCzb8YRpS7AYWFiykiNKLxKpP7lwNBISBn99Z56mteKvq3Lx0gN4Od0PmIBad2ry7oCPUx_lxiePGkHtyDccKgYBHjQdtcefEcuLfkKc-zqg&amp;disp=emb\" alt=\"cid:image001.png@01D648AC.FCD439F0\"\/><\/figure>\n","protected":false},"excerpt":{"rendered":"<p>\u00a0\u00a0URGENT URGENT\u00a0 URGENT \u00ab Rassemblement de soutien \u00e0 notre camarade Najet de Spicer \u00bb \u00a0Apr\u00e8s l\u2019agression en pleine r\u00e9union CSE de notre camarade Najet et les sanctions sur les \u00e9lus CGT, la direction de Spicer continue d\u2019appliquer une r\u00e9pression syndicale d&rsquo;ampleur sur notre \u00e9quipe CGT. Ce mercredi 13 juillet, notre \u00e9lue CSE CGT Najet&nbsp;est convoqu\u00e9e [&hellip;]<\/p>\n","protected":false},"author":7,"featured_media":0,"comment_status":"closed","ping_status":"closed","sticky":false,"template":"","format":"standard","meta":[],"categories":[1],"tags":[],"_links":{"self":[{"href":"http:\/\/www.ulcgt69villefranche.fr\/index.php?rest_route=\/wp\/v2\/posts\/4053"}],"collection":[{"href":"http:\/\/www.ulcgt69villefranche.fr\/index.php?rest_route=\/wp\/v2\/posts"}],"about":[{"href":"http:\/\/www.ulcgt69villefranche.fr\/index.php?rest_route=\/wp\/v2\/types\/post"}],"author":[{"embeddable":true,"href":"http:\/\/www.ulcgt69villefranche.fr\/index.php?rest_route=\/wp\/v2\/users\/7"}],"replies":[{"embeddable":true,"href":"http:\/\/www.ulcgt69villefranche.fr\/index.php?rest_route=%2Fwp%2Fv2%2Fcomments&post=4053"}],"version-history":[{"count":4,"href":"http:\/\/www.ulcgt69villefranche.fr\/index.php?rest_route=\/wp\/v2\/posts\/4053\/revisions"}],"predecessor-version":[{"id":4058,"href":"http:\/\/www.ulcgt69villefranche.fr\/index.php?rest_route=\/wp\/v2\/posts\/4053\/revisions\/4058"}],"wp:attachment":[{"href":"http:\/\/www.ulcgt69villefranche.fr\/index.php?rest_route=%2Fwp%2Fv2%2Fmedia&parent=4053"}],"wp:term":[{"taxonomy":"category","embeddable":true,"href":"http:\/\/www.ulcgt69villefranche.fr\/index.php?rest_route=%2Fwp%2Fv2%2Fcategories&post=4053"},{"taxonomy":"post_tag","embeddable":true,"href":"http:\/\/www.ulcgt69villefranche.fr\/index.php?rest_route=%2Fwp%2Fv2%2Ftags&post=4053"}],"curies":[{"name":"wp","href":"https:\/\/api.w.org\/{rel}","templated":true}]}}