{"id":4047,"date":"2022-07-08T19:52:19","date_gmt":"2022-07-08T17:52:19","guid":{"rendered":"http:\/\/www.ulcgt69villefranche.fr\/?p=4047"},"modified":"2022-07-08T19:52:19","modified_gmt":"2022-07-08T17:52:19","slug":"13-juillet-2022-rassemblement-de-soutien","status":"publish","type":"post","link":"http:\/\/www.ulcgt69villefranche.fr\/?p=4047","title":{"rendered":"13 Juillet 2022 Rassemblement de soutien"},"content":{"rendered":"\n<div class=\"wp-block-image\"><figure class=\"aligncenter size-full\"><a href=\"http:\/\/www.ulcgt69villefranche.fr\/wp-content\/uploads\/2022\/07\/Face-a-la-Repression.jpg\"><img loading=\"lazy\" width=\"640\" height=\"350\" src=\"http:\/\/www.ulcgt69villefranche.fr\/wp-content\/uploads\/2022\/07\/Face-a-la-Repression.jpg\" alt=\"\" class=\"wp-image-4051\" srcset=\"http:\/\/www.ulcgt69villefranche.fr\/wp-content\/uploads\/2022\/07\/Face-a-la-Repression.jpg 640w, http:\/\/www.ulcgt69villefranche.fr\/wp-content\/uploads\/2022\/07\/Face-a-la-Repression-300x164.jpg 300w\" sizes=\"(max-width: 640px) 100vw, 640px\" \/><\/a><\/figure><\/div>\n\n\n\n<p>Notre camarade Najet Griche est convoqu\u00e9 a un entretien pr\u00e9alable \u00e0 une \u00e9ventuelle sanction disciplinaire pouvant aller jusqu&rsquo;au licenciement.\u00a0\u00a0<\/p>\n\n\n\n<p><br>Quand un\u00a0<strong>camarade est attaqu\u00e9<\/strong>, c&rsquo;est toute la\u00a0<strong>CGT qui\u00a0<\/strong>\u00a0est\u00a0<strong>attaqu\u00e9e<\/strong>\u00a0 et\u00a0c\u2019est\u00a0<strong>toute la CGT qui doit r\u00e9pondre<\/strong>\u00a0 avec pour seuls\u00a0mots d&rsquo;ordre\u00a0\u00a0 : Solidarit\u00e9, soutien, fraternit\u00e9.<\/p>\n\n\n\n<p>D\u00e9montrons \u00e0 la&nbsp;Direction Spicer tout notre soutien \u00e0 notre&nbsp;camarade.<\/p>\n\n\n\n<p><strong><mark style=\"background-color:rgba(0, 0, 0, 0)\" class=\"has-inline-color has-vivid-red-color\">Nous vous proposons un rassemblement le plus massif possible\u00a0\u00a0le\u00a013 Juillet , de 9h \u00e0 15\/16 heures\u00a0devant la soci\u00e9t\u00e9 SPICER,<\/mark><\/strong>\u00a011 rue Georges Mangin \u00e0 Villefranche\u00a0sur Sa\u00f4ne.<br><br>Une forte mobilisation\u00a0 est souhaitable, incontournable et urgente.<\/p>\n\n\n\n<h2><strong>ENSEMBLE, CONDAMNONS L&rsquo;ATTAQUE SOUDAINE ET VIOLENTE DE&nbsp;NOTRE CAMARADE NAJET GRICHE !<\/strong><\/h2>\n","protected":false},"excerpt":{"rendered":"<p>Notre camarade Najet Griche est convoqu\u00e9 a un entretien pr\u00e9alable \u00e0 une \u00e9ventuelle sanction disciplinaire pouvant aller jusqu&rsquo;au licenciement.\u00a0\u00a0 Quand un\u00a0camarade est attaqu\u00e9, c&rsquo;est toute la\u00a0CGT qui\u00a0\u00a0est\u00a0attaqu\u00e9e\u00a0 et\u00a0c\u2019est\u00a0toute la CGT qui doit r\u00e9pondre\u00a0 avec pour seuls\u00a0mots d&rsquo;ordre\u00a0\u00a0 : Solidarit\u00e9, soutien, fraternit\u00e9. D\u00e9montrons \u00e0 la&nbsp;Direction Spicer tout notre soutien \u00e0 notre&nbsp;camarade. Nous vous proposons un rassemblement [&hellip;]<\/p>\n","protected":false},"author":7,"featured_media":0,"comment_status":"closed","ping_status":"closed","sticky":false,"template":"","format":"standard","meta":[],"categories":[1],"tags":[],"_links":{"self":[{"href":"http:\/\/www.ulcgt69villefranche.fr\/index.php?rest_route=\/wp\/v2\/posts\/4047"}],"collection":[{"href":"http:\/\/www.ulcgt69villefranche.fr\/index.php?rest_route=\/wp\/v2\/posts"}],"about":[{"href":"http:\/\/www.ulcgt69villefranche.fr\/index.php?rest_route=\/wp\/v2\/types\/post"}],"author":[{"embeddable":true,"href":"http:\/\/www.ulcgt69villefranche.fr\/index.php?rest_route=\/wp\/v2\/users\/7"}],"replies":[{"embeddable":true,"href":"http:\/\/www.ulcgt69villefranche.fr\/index.php?rest_route=%2Fwp%2Fv2%2Fcomments&post=4047"}],"version-history":[{"count":4,"href":"http:\/\/www.ulcgt69villefranche.fr\/index.php?rest_route=\/wp\/v2\/posts\/4047\/revisions"}],"predecessor-version":[{"id":4052,"href":"http:\/\/www.ulcgt69villefranche.fr\/index.php?rest_route=\/wp\/v2\/posts\/4047\/revisions\/4052"}],"wp:attachment":[{"href":"http:\/\/www.ulcgt69villefranche.fr\/index.php?rest_route=%2Fwp%2Fv2%2Fmedia&parent=4047"}],"wp:term":[{"taxonomy":"category","embeddable":true,"href":"http:\/\/www.ulcgt69villefranche.fr\/index.php?rest_route=%2Fwp%2Fv2%2Fcategories&post=4047"},{"taxonomy":"post_tag","embeddable":true,"href":"http:\/\/www.ulcgt69villefranche.fr\/index.php?rest_route=%2Fwp%2Fv2%2Ftags&post=4047"}],"curies":[{"name":"wp","href":"https:\/\/api.w.org\/{rel}","templated":true}]}}