{"id":4036,"date":"2022-06-29T20:34:31","date_gmt":"2022-06-29T18:34:31","guid":{"rendered":"http:\/\/www.ulcgt69villefranche.fr\/?p=4036"},"modified":"2022-06-29T20:34:31","modified_gmt":"2022-06-29T18:34:31","slug":"fermeture-de-lunion-locale-du-04-juillet-au-8-juillet-2022","status":"publish","type":"post","link":"http:\/\/www.ulcgt69villefranche.fr\/?p=4036","title":{"rendered":"FERMETURE DE L&rsquo;UNION LOCALE du 04 Juillet au 8 Juillet 2022"},"content":{"rendered":"\n<h1>D\u00e9m\u00e9nagement de l&rsquo;Union Locale et r\u00e9int\u00e9gration \u00e0 la Bourse du Travail<\/h1>\n\n\n\n<figure class=\"wp-block-image size-large\"><a href=\"http:\/\/www.ulcgt69villefranche.fr\/wp-content\/uploads\/2022\/06\/DEMENAGEMENT-1.jpg\"><img loading=\"lazy\" width=\"724\" height=\"1024\" src=\"http:\/\/www.ulcgt69villefranche.fr\/wp-content\/uploads\/2022\/06\/DEMENAGEMENT-1-724x1024.jpg\" alt=\"\" class=\"wp-image-4038\" srcset=\"http:\/\/www.ulcgt69villefranche.fr\/wp-content\/uploads\/2022\/06\/DEMENAGEMENT-1-724x1024.jpg 724w, http:\/\/www.ulcgt69villefranche.fr\/wp-content\/uploads\/2022\/06\/DEMENAGEMENT-1-212x300.jpg 212w, http:\/\/www.ulcgt69villefranche.fr\/wp-content\/uploads\/2022\/06\/DEMENAGEMENT-1-768x1086.jpg 768w, http:\/\/www.ulcgt69villefranche.fr\/wp-content\/uploads\/2022\/06\/DEMENAGEMENT-1-1086x1536.jpg 1086w, http:\/\/www.ulcgt69villefranche.fr\/wp-content\/uploads\/2022\/06\/DEMENAGEMENT-1.jpg 1240w\" sizes=\"(max-width: 724px) 100vw, 724px\" \/><\/a><figcaption><strong><a href=\"http:\/\/www.ulcgt69villefranche.fr\/wp-content\/uploads\/2022\/06\/DEMENAGEMENT-1.pdf\" target=\"_blank\" rel=\"noreferrer noopener\">Fichier (en format pdf)<\/a><\/strong><\/figcaption><\/figure>\n\n\n\n<p><strong><a href=\"http:\/\/www.ulcgt69villefranche.fr\/?page_id=142\" target=\"_blank\" rel=\"noreferrer noopener\">Union Locale CGT Villefranche<\/a><\/strong><\/p>\n","protected":false},"excerpt":{"rendered":"<p>D\u00e9m\u00e9nagement de l&rsquo;Union Locale et r\u00e9int\u00e9gration \u00e0 la Bourse du Travail Union Locale CGT Villefranche<\/p>\n","protected":false},"author":7,"featured_media":0,"comment_status":"closed","ping_status":"closed","sticky":false,"template":"","format":"standard","meta":[],"categories":[1],"tags":[],"_links":{"self":[{"href":"http:\/\/www.ulcgt69villefranche.fr\/index.php?rest_route=\/wp\/v2\/posts\/4036"}],"collection":[{"href":"http:\/\/www.ulcgt69villefranche.fr\/index.php?rest_route=\/wp\/v2\/posts"}],"about":[{"href":"http:\/\/www.ulcgt69villefranche.fr\/index.php?rest_route=\/wp\/v2\/types\/post"}],"author":[{"embeddable":true,"href":"http:\/\/www.ulcgt69villefranche.fr\/index.php?rest_route=\/wp\/v2\/users\/7"}],"replies":[{"embeddable":true,"href":"http:\/\/www.ulcgt69villefranche.fr\/index.php?rest_route=%2Fwp%2Fv2%2Fcomments&post=4036"}],"version-history":[{"count":5,"href":"http:\/\/www.ulcgt69villefranche.fr\/index.php?rest_route=\/wp\/v2\/posts\/4036\/revisions"}],"predecessor-version":[{"id":4045,"href":"http:\/\/www.ulcgt69villefranche.fr\/index.php?rest_route=\/wp\/v2\/posts\/4036\/revisions\/4045"}],"wp:attachment":[{"href":"http:\/\/www.ulcgt69villefranche.fr\/index.php?rest_route=%2Fwp%2Fv2%2Fmedia&parent=4036"}],"wp:term":[{"taxonomy":"category","embeddable":true,"href":"http:\/\/www.ulcgt69villefranche.fr\/index.php?rest_route=%2Fwp%2Fv2%2Fcategories&post=4036"},{"taxonomy":"post_tag","embeddable":true,"href":"http:\/\/www.ulcgt69villefranche.fr\/index.php?rest_route=%2Fwp%2Fv2%2Ftags&post=4036"}],"curies":[{"name":"wp","href":"https:\/\/api.w.org\/{rel}","templated":true}]}}