{"id":4002,"date":"2022-06-17T14:32:33","date_gmt":"2022-06-17T12:32:33","guid":{"rendered":"http:\/\/www.ulcgt69villefranche.fr\/?p=4002"},"modified":"2022-06-17T18:59:00","modified_gmt":"2022-06-17T16:59:00","slug":"23-juin-2022-rassemblement-devant-le-siege-de-lentreprise-eiffage","status":"publish","type":"post","link":"http:\/\/www.ulcgt69villefranche.fr\/?p=4002","title":{"rendered":"23 Juin 2022 Rassemblement devant le si\u00e8ge de l&rsquo;entreprise EIFFAGE"},"content":{"rendered":"\n<h1>STOP ! R\u00e9pression Discrimination Syndicale<\/h1>\n\n\n\n<p><strong>Nous assurons la totalit\u00e9 des assistances de salari\u00e9s devant la direction (D\u00e9missions qui seraient \u00e0 l&rsquo;initiative des salari\u00e9s, Ruptures Conventionnelles et licenciements) soit \u00e0 la fin avril 157 sorties, <mark style=\"background-color:rgba(0, 0, 0, 0)\" class=\"has-inline-color has-luminous-vivid-orange-color\">sans aucun licenciement pour motif \u00e9conomique.<\/mark> Les chiffres \u00e9conomiques se d\u00e9gradent de mois en mois pour atteindre :<\/strong><\/p>\n\n\n\n<h2 class=\"has-text-align-center\"><mark style=\"background-color:rgba(0, 0, 0, 0)\" class=\"has-inline-color has-vivid-red-color\">\u00e0 fin avril, 3,2 millions d&rsquo;euros de perte.<\/mark><\/h2>\n\n\n\n<div class=\"wp-block-image\"><figure class=\"aligncenter size-full\"><a href=\"http:\/\/www.ulcgt69villefranche.fr\/wp-content\/uploads\/2022\/06\/Au-service-de-linteret-general.png\"><img loading=\"lazy\" width=\"236\" height=\"333\" src=\"http:\/\/www.ulcgt69villefranche.fr\/wp-content\/uploads\/2022\/06\/Au-service-de-linteret-general.png\" alt=\"\" class=\"wp-image-4004\" srcset=\"http:\/\/www.ulcgt69villefranche.fr\/wp-content\/uploads\/2022\/06\/Au-service-de-linteret-general.png 236w, http:\/\/www.ulcgt69villefranche.fr\/wp-content\/uploads\/2022\/06\/Au-service-de-linteret-general-213x300.png 213w\" sizes=\"(max-width: 236px) 100vw, 236px\" \/><\/a><\/figure><\/div>\n\n\n\n<h2><strong>RASSEMBLEMENT au si\u00e8ge de l&rsquo;entreprise EIFFAGE le jeudi 23 Juin \u00e0 partir de 10H30 (199 Rue Mario et Monique Piani<\/strong> <strong>69480 AMBERIEUX D&rsquo;AZERGUES)<\/strong><\/h2>\n\n\n\n<div class=\"wp-block-image\"><figure class=\"aligncenter size-full\"><a href=\"http:\/\/www.ulcgt69villefranche.fr\/wp-content\/uploads\/2022\/06\/Marre-de-vous-faire-bouffer.jpg\"><img loading=\"lazy\" width=\"645\" height=\"363\" src=\"http:\/\/www.ulcgt69villefranche.fr\/wp-content\/uploads\/2022\/06\/Marre-de-vous-faire-bouffer.jpg\" alt=\"\" class=\"wp-image-4007\" srcset=\"http:\/\/www.ulcgt69villefranche.fr\/wp-content\/uploads\/2022\/06\/Marre-de-vous-faire-bouffer.jpg 645w, http:\/\/www.ulcgt69villefranche.fr\/wp-content\/uploads\/2022\/06\/Marre-de-vous-faire-bouffer-300x169.jpg 300w\" sizes=\"(max-width: 645px) 100vw, 645px\" \/><\/a><\/figure><\/div>\n\n\n\n<p><strong><mark style=\"background-color:rgba(0, 0, 0, 0)\" class=\"has-inline-color has-luminous-vivid-orange-color\"><a href=\"http:\/\/www.ulcgt69villefranche.fr\/wp-content\/uploads\/2022\/06\/Tract-CGT-Eiffage-Telecom-mobilisation-du-23-juin-2022.pdf\" target=\"_blank\" rel=\"noreferrer noopener\">Lire le Tract<\/a><\/mark><\/strong><\/p>\n\n\n\n<p>Projet de motion \u00e0 transmettre \u00e0 la direction de l&rsquo;entreprise Eiffage Energie Syst\u00e8mes T\u00e9l\u00e9com Sud Est et \u00e0 la direction du groupe Eiffage (Seulement les syndicats, UL, UD, &#8230;). <strong><mark style=\"background-color:rgba(0, 0, 0, 0)\" class=\"has-inline-color has-vivid-red-color\"><a href=\"http:\/\/www.ulcgt69villefranche.fr\/wp-content\/uploads\/2022\/06\/Projet-de-motion-de-soutien.pdf\" target=\"_blank\" rel=\"noreferrer noopener\">Projet de motion<\/a><\/mark><\/strong><\/p>\n","protected":false},"excerpt":{"rendered":"<p>STOP ! R\u00e9pression Discrimination Syndicale Nous assurons la totalit\u00e9 des assistances de salari\u00e9s devant la direction (D\u00e9missions qui seraient \u00e0 l&rsquo;initiative des salari\u00e9s, Ruptures Conventionnelles et licenciements) soit \u00e0 la fin avril 157 sorties, sans aucun licenciement pour motif \u00e9conomique. Les chiffres \u00e9conomiques se d\u00e9gradent de mois en mois pour atteindre : \u00e0 fin avril, [&hellip;]<\/p>\n","protected":false},"author":7,"featured_media":0,"comment_status":"closed","ping_status":"closed","sticky":false,"template":"","format":"standard","meta":[],"categories":[1],"tags":[],"_links":{"self":[{"href":"http:\/\/www.ulcgt69villefranche.fr\/index.php?rest_route=\/wp\/v2\/posts\/4002"}],"collection":[{"href":"http:\/\/www.ulcgt69villefranche.fr\/index.php?rest_route=\/wp\/v2\/posts"}],"about":[{"href":"http:\/\/www.ulcgt69villefranche.fr\/index.php?rest_route=\/wp\/v2\/types\/post"}],"author":[{"embeddable":true,"href":"http:\/\/www.ulcgt69villefranche.fr\/index.php?rest_route=\/wp\/v2\/users\/7"}],"replies":[{"embeddable":true,"href":"http:\/\/www.ulcgt69villefranche.fr\/index.php?rest_route=%2Fwp%2Fv2%2Fcomments&post=4002"}],"version-history":[{"count":18,"href":"http:\/\/www.ulcgt69villefranche.fr\/index.php?rest_route=\/wp\/v2\/posts\/4002\/revisions"}],"predecessor-version":[{"id":4028,"href":"http:\/\/www.ulcgt69villefranche.fr\/index.php?rest_route=\/wp\/v2\/posts\/4002\/revisions\/4028"}],"wp:attachment":[{"href":"http:\/\/www.ulcgt69villefranche.fr\/index.php?rest_route=%2Fwp%2Fv2%2Fmedia&parent=4002"}],"wp:term":[{"taxonomy":"category","embeddable":true,"href":"http:\/\/www.ulcgt69villefranche.fr\/index.php?rest_route=%2Fwp%2Fv2%2Fcategories&post=4002"},{"taxonomy":"post_tag","embeddable":true,"href":"http:\/\/www.ulcgt69villefranche.fr\/index.php?rest_route=%2Fwp%2Fv2%2Ftags&post=4002"}],"curies":[{"name":"wp","href":"https:\/\/api.w.org\/{rel}","templated":true}]}}