{"id":3994,"date":"2022-06-07T18:05:50","date_gmt":"2022-06-07T16:05:50","guid":{"rendered":"http:\/\/www.ulcgt69villefranche.fr\/?p=3994"},"modified":"2022-07-08T19:53:41","modified_gmt":"2022-07-08T17:53:41","slug":"28-juin-2022-les-federations-cgt-transport-et-cheminots-appel-a-une-manifestation-a-lyon","status":"publish","type":"post","link":"http:\/\/www.ulcgt69villefranche.fr\/?p=3994","title":{"rendered":"28 Juin 2022 LES FEDERATIONS CGT TRANSPORT ET CHEMINOTS APPEL A UNE MANIFESTATION A LYON"},"content":{"rendered":"\n<h1>30 ANS DE LIBERATION CA SUFFIT !<\/h1>\n\n\n\n<h2>D\u00e9part de la Manifestation \u00e0 13H00 \u00e0 proximit\u00e9 de la Gare Lyon Part-Dieu (aux Brotteaux)<\/h2>\n\n\n\n<figure class=\"wp-block-image size-large is-resized\"><a href=\"http:\/\/www.ulcgt69villefranche.fr\/wp-content\/uploads\/2022\/06\/20220531_Com_fd_chem_transports_pour_le_28.06.2022.jpg\"><img loading=\"lazy\" src=\"http:\/\/www.ulcgt69villefranche.fr\/wp-content\/uploads\/2022\/06\/20220531_Com_fd_chem_transports_pour_le_28.06.2022-725x1024.jpg\" alt=\"\" class=\"wp-image-3998\" width=\"725\" height=\"1024\" srcset=\"http:\/\/www.ulcgt69villefranche.fr\/wp-content\/uploads\/2022\/06\/20220531_Com_fd_chem_transports_pour_le_28.06.2022-725x1024.jpg 725w, http:\/\/www.ulcgt69villefranche.fr\/wp-content\/uploads\/2022\/06\/20220531_Com_fd_chem_transports_pour_le_28.06.2022-212x300.jpg 212w, http:\/\/www.ulcgt69villefranche.fr\/wp-content\/uploads\/2022\/06\/20220531_Com_fd_chem_transports_pour_le_28.06.2022-768x1085.jpg 768w, http:\/\/www.ulcgt69villefranche.fr\/wp-content\/uploads\/2022\/06\/20220531_Com_fd_chem_transports_pour_le_28.06.2022-1087x1536.jpg 1087w, http:\/\/www.ulcgt69villefranche.fr\/wp-content\/uploads\/2022\/06\/20220531_Com_fd_chem_transports_pour_le_28.06.2022.jpg 1241w\" sizes=\"(max-width: 725px) 100vw, 725px\" \/><\/a><figcaption><a href=\"http:\/\/www.ulcgt69villefranche.fr\/wp-content\/uploads\/2022\/06\/20220531_Com_fd_chem_transports_pour_le_28.06.2022.pdf\" target=\"_blank\" rel=\"noreferrer noopener\">Lire le communiqu\u00e9 f\u00e9d\u00e9ral<\/a><\/figcaption><\/figure>\n\n\n<p><a href=\"http:\/\/www.ulcgt69villefranche.fr\/wp-content\/uploads\/2022\/06\/28-juin-cheminots.jpg\"><img loading=\"lazy\" class=\" wp-image-4029 aligncenter\" src=\"http:\/\/www.ulcgt69villefranche.fr\/wp-content\/uploads\/2022\/06\/28-juin-cheminots.jpg\" alt=\"\" width=\"329\" height=\"463\"><\/a><\/p>\n\n\n<p><a href=\"http:\/\/www.ulcgt69villefranche.fr\/wp-content\/uploads\/2022\/06\/Tract-Cheminot-du-28-Juin-Recto.png\" target=\"_blank\" rel=\"noreferrer noopener\">Lire Tract Recto<\/a><\/p>\n\n\n\n<p><a href=\"http:\/\/www.ulcgt69villefranche.fr\/wp-content\/uploads\/2022\/06\/Tract-Cheminot-du-28-Juin-Verso.jpg\" target=\"_blank\" rel=\"noreferrer noopener\">Lire Tract Verso<\/a><\/p>\n\n\n\n<p><\/p>\n","protected":false},"excerpt":{"rendered":"<p>30 ANS DE LIBERATION CA SUFFIT ! D\u00e9part de la Manifestation \u00e0 13H00 \u00e0 proximit\u00e9 de la Gare Lyon Part-Dieu (aux Brotteaux) Lire Tract Recto Lire Tract Verso<\/p>\n","protected":false},"author":7,"featured_media":0,"comment_status":"closed","ping_status":"closed","sticky":false,"template":"","format":"standard","meta":[],"categories":[1],"tags":[],"_links":{"self":[{"href":"http:\/\/www.ulcgt69villefranche.fr\/index.php?rest_route=\/wp\/v2\/posts\/3994"}],"collection":[{"href":"http:\/\/www.ulcgt69villefranche.fr\/index.php?rest_route=\/wp\/v2\/posts"}],"about":[{"href":"http:\/\/www.ulcgt69villefranche.fr\/index.php?rest_route=\/wp\/v2\/types\/post"}],"author":[{"embeddable":true,"href":"http:\/\/www.ulcgt69villefranche.fr\/index.php?rest_route=\/wp\/v2\/users\/7"}],"replies":[{"embeddable":true,"href":"http:\/\/www.ulcgt69villefranche.fr\/index.php?rest_route=%2Fwp%2Fv2%2Fcomments&post=3994"}],"version-history":[{"count":7,"href":"http:\/\/www.ulcgt69villefranche.fr\/index.php?rest_route=\/wp\/v2\/posts\/3994\/revisions"}],"predecessor-version":[{"id":4034,"href":"http:\/\/www.ulcgt69villefranche.fr\/index.php?rest_route=\/wp\/v2\/posts\/3994\/revisions\/4034"}],"wp:attachment":[{"href":"http:\/\/www.ulcgt69villefranche.fr\/index.php?rest_route=%2Fwp%2Fv2%2Fmedia&parent=3994"}],"wp:term":[{"taxonomy":"category","embeddable":true,"href":"http:\/\/www.ulcgt69villefranche.fr\/index.php?rest_route=%2Fwp%2Fv2%2Fcategories&post=3994"},{"taxonomy":"post_tag","embeddable":true,"href":"http:\/\/www.ulcgt69villefranche.fr\/index.php?rest_route=%2Fwp%2Fv2%2Ftags&post=3994"}],"curies":[{"name":"wp","href":"https:\/\/api.w.org\/{rel}","templated":true}]}}