{"id":3900,"date":"2022-04-28T15:55:48","date_gmt":"2022-04-28T13:55:48","guid":{"rendered":"http:\/\/www.ulcgt69villefranche.fr\/?p=3900"},"modified":"2022-04-28T15:55:48","modified_gmt":"2022-04-28T13:55:48","slug":"03-mai-2022-concert-unique-sur-le-theme-du-cinema","status":"publish","type":"post","link":"http:\/\/www.ulcgt69villefranche.fr\/?p=3900","title":{"rendered":"03 Mai 2022 Concert unique sur le th\u00e8me du Cin\u00e9ma"},"content":{"rendered":"\n<h2><strong>Concert \u00e9moi Avec l&rsquo;Orchestre Symphonique Confluences<\/strong><\/h2>\n\n\n\n<p><strong>Information UD CGT 69<\/strong><\/p>\n\n\n\n<ul><li>Dans le cadre du partenariat de notre organisation avec la MACIF,&nbsp;<strong><u>une initiative est organis\u00e9e \u00e0 Lyon, le mardi 3 mai, en soir\u00e9e \u00e0 la Bourse du Travail de Lyon<\/u><\/strong>:<\/li><\/ul>\n\n\n\n<p>il s&rsquo;agit&nbsp;<strong><u>d&rsquo;un concert avec l&rsquo;orchestre symphonique Confluences, sur la th\u00e9matique des musiques de films.<\/u><\/strong><\/p>\n\n\n\n<p>Un moment de culture et de plaisir, dans ce monde de brut, ce n&rsquo;est pas tous les jours, et ce n&rsquo;est pas forc\u00e9ment accessible \u00e0 tout le monde&#8230;<\/p>\n\n\n\n<p>Cette action partenariale, construite avec les autres \u00ab\u00a0sensibilit\u00e9s\u00a0\u00bb r\u00e9gionales composant la gouvernance de la MACIF, est particuli\u00e8rement tourn\u00e9e en direction des \u00ab\u00a0publics fragiles\u00a0\u00bb que nous pouvons inviter via nos diff\u00e9rents \u00ab\u00a0r\u00e9seaux\u00a0\u00bb (UL, syndicats, retrait\u00e9s, jeunesse&#8230; etc.). En effet, nous pouvons penser, sans exclusivit\u00e9, \u00e0 des camarades retrait\u00e9-e-s dans la mis\u00e8re, aux jeunes dans la gal\u00e8re, ou autres salari\u00e9-e-s pr\u00e9caires !<\/p>\n\n\n\n<p>\u00c9videmment, fragile ou pas, vous \u00eates \u00e9galement invit\u00e9s \u00e0 y participer&nbsp;<img alt=\"&#x1f600;\" src=\"https:\/\/fonts.gstatic.com\/s\/e\/notoemoji\/14.0\/1f600\/32.png\">&#8230; dans la limite des places disponibles.<\/p>\n\n\n\n<p>La salle disposant de plus de 1500 places, il en reste un bon millier \u00e0 ce jour&#8230;<\/p>\n\n\n\n<p>Avec ce message, <a href=\"http:\/\/www.ulcgt69villefranche.fr\/wp-content\/uploads\/2022\/04\/Carton-Invitation-Concert-Emoi-3-Mai-2022-1.pdf\" target=\"_blank\" rel=\"noreferrer noopener\">le flyer\/carton d&rsquo;invitation<\/a> et <a href=\"http:\/\/www.ulcgt69villefranche.fr\/wp-content\/uploads\/2022\/04\/lien-concert-emoi.docx\" target=\"_blank\" rel=\"noreferrer noopener\">le lien pour s&rsquo;inscrire (ce lien permet une inscription pour 2 personnes).<\/a><\/p>\n\n\n\n<p>Merci donc de diffuser ce message autour de vous.<\/p>\n\n\n\n<p>Fraternellement<\/p>\n\n\n\n<p>UD CGT 69<\/p>\n","protected":false},"excerpt":{"rendered":"<p>Concert \u00e9moi Avec l&rsquo;Orchestre Symphonique Confluences Information UD CGT 69 Dans le cadre du partenariat de notre organisation avec la MACIF,&nbsp;une initiative est organis\u00e9e \u00e0 Lyon, le mardi 3 mai, en soir\u00e9e \u00e0 la Bourse du Travail de Lyon: il s&rsquo;agit&nbsp;d&rsquo;un concert avec l&rsquo;orchestre symphonique Confluences, sur la th\u00e9matique des musiques de films. Un moment [&hellip;]<\/p>\n","protected":false},"author":7,"featured_media":0,"comment_status":"closed","ping_status":"closed","sticky":false,"template":"","format":"standard","meta":[],"categories":[1],"tags":[],"_links":{"self":[{"href":"http:\/\/www.ulcgt69villefranche.fr\/index.php?rest_route=\/wp\/v2\/posts\/3900"}],"collection":[{"href":"http:\/\/www.ulcgt69villefranche.fr\/index.php?rest_route=\/wp\/v2\/posts"}],"about":[{"href":"http:\/\/www.ulcgt69villefranche.fr\/index.php?rest_route=\/wp\/v2\/types\/post"}],"author":[{"embeddable":true,"href":"http:\/\/www.ulcgt69villefranche.fr\/index.php?rest_route=\/wp\/v2\/users\/7"}],"replies":[{"embeddable":true,"href":"http:\/\/www.ulcgt69villefranche.fr\/index.php?rest_route=%2Fwp%2Fv2%2Fcomments&post=3900"}],"version-history":[{"count":5,"href":"http:\/\/www.ulcgt69villefranche.fr\/index.php?rest_route=\/wp\/v2\/posts\/3900\/revisions"}],"predecessor-version":[{"id":3908,"href":"http:\/\/www.ulcgt69villefranche.fr\/index.php?rest_route=\/wp\/v2\/posts\/3900\/revisions\/3908"}],"wp:attachment":[{"href":"http:\/\/www.ulcgt69villefranche.fr\/index.php?rest_route=%2Fwp%2Fv2%2Fmedia&parent=3900"}],"wp:term":[{"taxonomy":"category","embeddable":true,"href":"http:\/\/www.ulcgt69villefranche.fr\/index.php?rest_route=%2Fwp%2Fv2%2Fcategories&post=3900"},{"taxonomy":"post_tag","embeddable":true,"href":"http:\/\/www.ulcgt69villefranche.fr\/index.php?rest_route=%2Fwp%2Fv2%2Ftags&post=3900"}],"curies":[{"name":"wp","href":"https:\/\/api.w.org\/{rel}","templated":true}]}}