{"id":3893,"date":"2022-04-26T17:49:20","date_gmt":"2022-04-26T15:49:20","guid":{"rendered":"http:\/\/www.ulcgt69villefranche.fr\/?p=3893"},"modified":"2022-04-26T17:49:20","modified_gmt":"2022-04-26T15:49:20","slug":"1er-mai-2022-journee-internationale-de-lutte-pour-les-droits-des-travailleurs","status":"publish","type":"post","link":"http:\/\/www.ulcgt69villefranche.fr\/?p=3893","title":{"rendered":"1er Mai 2022 JOURNEE INTERNATIONALE DE LUTTE POUR LES DROITS DES TRAVAILLEURS"},"content":{"rendered":"\n<h2>Rdv 10h00 Place de la Lib\u00e9ration (Promenoir) pour un d\u00e9part \u00e0 10h30 en direction de la Place des Arts<\/h2>\n\n\n\n<figure class=\"wp-block-image\"><img loading=\"lazy\" width=\"725\" height=\"1024\" src=\"http:\/\/www.ulcgt69villefranche.fr\/wp-content\/uploads\/2022\/04\/Tract-UL-CGT-Villefranche-1er-Mai-2022-725x1024.jpg\" alt=\"\" class=\"wp-image-3889\" srcset=\"http:\/\/www.ulcgt69villefranche.fr\/wp-content\/uploads\/2022\/04\/Tract-UL-CGT-Villefranche-1er-Mai-2022-725x1024.jpg 725w, http:\/\/www.ulcgt69villefranche.fr\/wp-content\/uploads\/2022\/04\/Tract-UL-CGT-Villefranche-1er-Mai-2022-212x300.jpg 212w, http:\/\/www.ulcgt69villefranche.fr\/wp-content\/uploads\/2022\/04\/Tract-UL-CGT-Villefranche-1er-Mai-2022-768x1085.jpg 768w, http:\/\/www.ulcgt69villefranche.fr\/wp-content\/uploads\/2022\/04\/Tract-UL-CGT-Villefranche-1er-Mai-2022-1087x1536.jpg 1087w, http:\/\/www.ulcgt69villefranche.fr\/wp-content\/uploads\/2022\/04\/Tract-UL-CGT-Villefranche-1er-Mai-2022-1449x2048.jpg 1449w, http:\/\/www.ulcgt69villefranche.fr\/wp-content\/uploads\/2022\/04\/Tract-UL-CGT-Villefranche-1er-Mai-2022-scaled.jpg 1812w\" sizes=\"(max-width: 725px) 100vw, 725px\" \/><figcaption><a href=\"http:\/\/www.ulcgt69villefranche.fr\/wp-content\/uploads\/2022\/04\/Tract-UL-CGT-Villefranche-1er-Mai-2022-scaled.jpg\" target=\"_blank\" rel=\"noreferrer noopener\"><strong>Tract de l&rsquo;Union Locale <\/strong><\/a><\/figcaption><\/figure>\n\n\n\n<p><strong><a href=\"http:\/\/www.ulcgt69villefranche.fr\/wp-content\/uploads\/2022\/04\/adresse-aux-syndicats-suite-2eme-tour-election-Presidentielle.jpg\" target=\"_blank\" rel=\"noreferrer noopener\">Adresse de l&rsquo;UD CGT 69 aux syndicats. Suite aux r\u00e9sultats du deuxi\u00e8me tour des \u00e9lections pr\u00e9sidentielles<\/a><\/strong><\/p>\n\n\n\n<p><strong><a href=\"http:\/\/www.ulcgt69villefranche.fr\/wp-content\/uploads\/2022\/04\/Tract-A5_1er-mai-ud-Recto.jpg\" target=\"_blank\" rel=\"noreferrer noopener\">Tract 1er Mai A5 UD Recto<\/a>, <\/strong><a href=\"http:\/\/www.ulcgt69villefranche.fr\/wp-content\/uploads\/2022\/04\/Tract-A5_1er-mai-ud-Verso.jpg\" target=\"_blank\" rel=\"noreferrer noopener\"><strong><strong>Tract 1er Mai A5 UD<\/strong><\/strong> <strong>Verso<\/strong><\/a><\/p>\n","protected":false},"excerpt":{"rendered":"<p>Rdv 10h00 Place de la Lib\u00e9ration (Promenoir) pour un d\u00e9part \u00e0 10h30 en direction de la Place des Arts Adresse de l&rsquo;UD CGT 69 aux syndicats. Suite aux r\u00e9sultats du deuxi\u00e8me tour des \u00e9lections pr\u00e9sidentielles Tract 1er Mai A5 UD Recto, Tract 1er Mai A5 UD Verso<\/p>\n","protected":false},"author":7,"featured_media":0,"comment_status":"closed","ping_status":"closed","sticky":false,"template":"","format":"standard","meta":[],"categories":[1],"tags":[],"_links":{"self":[{"href":"http:\/\/www.ulcgt69villefranche.fr\/index.php?rest_route=\/wp\/v2\/posts\/3893"}],"collection":[{"href":"http:\/\/www.ulcgt69villefranche.fr\/index.php?rest_route=\/wp\/v2\/posts"}],"about":[{"href":"http:\/\/www.ulcgt69villefranche.fr\/index.php?rest_route=\/wp\/v2\/types\/post"}],"author":[{"embeddable":true,"href":"http:\/\/www.ulcgt69villefranche.fr\/index.php?rest_route=\/wp\/v2\/users\/7"}],"replies":[{"embeddable":true,"href":"http:\/\/www.ulcgt69villefranche.fr\/index.php?rest_route=%2Fwp%2Fv2%2Fcomments&post=3893"}],"version-history":[{"count":6,"href":"http:\/\/www.ulcgt69villefranche.fr\/index.php?rest_route=\/wp\/v2\/posts\/3893\/revisions"}],"predecessor-version":[{"id":3899,"href":"http:\/\/www.ulcgt69villefranche.fr\/index.php?rest_route=\/wp\/v2\/posts\/3893\/revisions\/3899"}],"wp:attachment":[{"href":"http:\/\/www.ulcgt69villefranche.fr\/index.php?rest_route=%2Fwp%2Fv2%2Fmedia&parent=3893"}],"wp:term":[{"taxonomy":"category","embeddable":true,"href":"http:\/\/www.ulcgt69villefranche.fr\/index.php?rest_route=%2Fwp%2Fv2%2Fcategories&post=3893"},{"taxonomy":"post_tag","embeddable":true,"href":"http:\/\/www.ulcgt69villefranche.fr\/index.php?rest_route=%2Fwp%2Fv2%2Ftags&post=3893"}],"curies":[{"name":"wp","href":"https:\/\/api.w.org\/{rel}","templated":true}]}}