{"id":3882,"date":"2022-04-15T18:33:22","date_gmt":"2022-04-15T16:33:22","guid":{"rendered":"http:\/\/www.ulcgt69villefranche.fr\/?p=3882"},"modified":"2022-04-15T18:33:22","modified_gmt":"2022-04-15T16:33:22","slug":"16-avril-2022-a-14h00-manifestion-contre-lextreme-droite","status":"publish","type":"post","link":"http:\/\/www.ulcgt69villefranche.fr\/?p=3882","title":{"rendered":"16 Avril 2022 \u00e0 14h00 Manifestion contre l&rsquo;extr\u00eame droite"},"content":{"rendered":"\n<h1>Manifestion de la place Jean Mac\u00e9 en direction de la place Bellecour<\/h1>\n\n\n\n<p>Cher-e camarade,<\/p>\n\n\n\n<p>Comme annonc\u00e9 lors de l\u2019Assembl\u00e9e g\u00e9n\u00e9rale des syndicats ,le tract d\u2019appel unitaire pour\u00a0<strong><u>une manifestation \u00ab\u00a0contre l\u2019extr\u00eame droite pour la justice et l\u2019\u00e9galit\u00e9\u00a0\u00bb<\/u><\/strong>\u00a0suite aux r\u00e9sultats du premier tour des \u00e9lections pr\u00e9sidentielles qui voit l\u2019extr\u00eame droite cr\u00e9dit\u00e9e de plus de 30 %\u00a0 avec leur 3 candidats et l\u2019accession de Marine Lepen au second tour.<\/p>\n\n\n\n<p>Cette manifestation partira\u00a0<strong><u>ce samedi 16 Avril \u00e0 14 H place jean Mac\u00e9<\/u><\/strong>\u00a0en direction de la place bellecour.<\/p>\n\n\n\n<p><a href=\"https:\/\/fb.me\/e\/30NxDA08z\" target=\"_blank\" rel=\"noreferrer noopener\">Ev\u00e8nement Facebook<\/a><\/p>\n\n\n\n<figure class=\"wp-block-image size-large\"><a href=\"http:\/\/www.ulcgt69villefranche.fr\/wp-content\/uploads\/2022\/04\/tract-bat-2nd-tour-manif.jpg\"><img loading=\"lazy\" width=\"1024\" height=\"724\" src=\"http:\/\/www.ulcgt69villefranche.fr\/wp-content\/uploads\/2022\/04\/tract-bat-2nd-tour-manif-1024x724.jpg\" alt=\"\" class=\"wp-image-3885\" srcset=\"http:\/\/www.ulcgt69villefranche.fr\/wp-content\/uploads\/2022\/04\/tract-bat-2nd-tour-manif-1024x724.jpg 1024w, http:\/\/www.ulcgt69villefranche.fr\/wp-content\/uploads\/2022\/04\/tract-bat-2nd-tour-manif-300x212.jpg 300w, http:\/\/www.ulcgt69villefranche.fr\/wp-content\/uploads\/2022\/04\/tract-bat-2nd-tour-manif-768x543.jpg 768w, http:\/\/www.ulcgt69villefranche.fr\/wp-content\/uploads\/2022\/04\/tract-bat-2nd-tour-manif-1536x1086.jpg 1536w, http:\/\/www.ulcgt69villefranche.fr\/wp-content\/uploads\/2022\/04\/tract-bat-2nd-tour-manif.jpg 1754w\" sizes=\"(max-width: 1024px) 100vw, 1024px\" \/><\/a><\/figure>\n","protected":false},"excerpt":{"rendered":"<p>Manifestion de la place Jean Mac\u00e9 en direction de la place Bellecour Cher-e camarade, Comme annonc\u00e9 lors de l\u2019Assembl\u00e9e g\u00e9n\u00e9rale des syndicats ,le tract d\u2019appel unitaire pour\u00a0une manifestation \u00ab\u00a0contre l\u2019extr\u00eame droite pour la justice et l\u2019\u00e9galit\u00e9\u00a0\u00bb\u00a0suite aux r\u00e9sultats du premier tour des \u00e9lections pr\u00e9sidentielles qui voit l\u2019extr\u00eame droite cr\u00e9dit\u00e9e de plus de 30 %\u00a0 avec [&hellip;]<\/p>\n","protected":false},"author":7,"featured_media":0,"comment_status":"closed","ping_status":"closed","sticky":false,"template":"","format":"standard","meta":[],"categories":[1],"tags":[],"_links":{"self":[{"href":"http:\/\/www.ulcgt69villefranche.fr\/index.php?rest_route=\/wp\/v2\/posts\/3882"}],"collection":[{"href":"http:\/\/www.ulcgt69villefranche.fr\/index.php?rest_route=\/wp\/v2\/posts"}],"about":[{"href":"http:\/\/www.ulcgt69villefranche.fr\/index.php?rest_route=\/wp\/v2\/types\/post"}],"author":[{"embeddable":true,"href":"http:\/\/www.ulcgt69villefranche.fr\/index.php?rest_route=\/wp\/v2\/users\/7"}],"replies":[{"embeddable":true,"href":"http:\/\/www.ulcgt69villefranche.fr\/index.php?rest_route=%2Fwp%2Fv2%2Fcomments&post=3882"}],"version-history":[{"count":3,"href":"http:\/\/www.ulcgt69villefranche.fr\/index.php?rest_route=\/wp\/v2\/posts\/3882\/revisions"}],"predecessor-version":[{"id":3887,"href":"http:\/\/www.ulcgt69villefranche.fr\/index.php?rest_route=\/wp\/v2\/posts\/3882\/revisions\/3887"}],"wp:attachment":[{"href":"http:\/\/www.ulcgt69villefranche.fr\/index.php?rest_route=%2Fwp%2Fv2%2Fmedia&parent=3882"}],"wp:term":[{"taxonomy":"category","embeddable":true,"href":"http:\/\/www.ulcgt69villefranche.fr\/index.php?rest_route=%2Fwp%2Fv2%2Fcategories&post=3882"},{"taxonomy":"post_tag","embeddable":true,"href":"http:\/\/www.ulcgt69villefranche.fr\/index.php?rest_route=%2Fwp%2Fv2%2Ftags&post=3882"}],"curies":[{"name":"wp","href":"https:\/\/api.w.org\/{rel}","templated":true}]}}