{"id":3877,"date":"2022-04-08T15:05:37","date_gmt":"2022-04-08T13:05:37","guid":{"rendered":"http:\/\/www.ulcgt69villefranche.fr\/?p=3877"},"modified":"2022-04-08T15:05:37","modified_gmt":"2022-04-08T13:05:37","slug":"09-avril-2022-marche-pour-le-futur","status":"publish","type":"post","link":"http:\/\/www.ulcgt69villefranche.fr\/?p=3877","title":{"rendered":"09 Avril 2022 Marche pour le Futur"},"content":{"rendered":"\n<h2>Villefranche sur Sa\u00f4ne \u00e0 10h00 devant la gare SNCF<\/h2>\n\n\n\n<p>L\u2019UD CGT 69\u00a0 soutient cette marche et appelle ses syndiqu\u00e9.es \u00e0 participer nombreuses et nombreux le 9 avril \u00e0 14h00 Place Jean Mac\u00e9 et \u00e0 Villefranche sur Sa\u00f4ne \u00e0 10h00 devant la Gare SNCF.<\/p>\n\n\n\n<p>Pour le climat, rejoins nous \u00e0 la <a href=\"https:\/\/www.facebook.com\/hashtag\/marchepourlefutur?__eep__=6&amp;__cft__[0]=AZWvsoqQnyMsx1WHGC1aGtOf7Q1ZHjuGLtpN2lz8-MBI3ASMiMtceGpsIW4iZpgW2_2W8AKDtHQ4XQq1ALaxU9kJxsxRSqTk9p6JhyMjBmFVCZ-skjHAAvs241FI3llTwAYFhljYFuQPaP7eBhvyS2NtVviqk-_zQYC5h2VCcpNGrw&amp;__tn__=*NK-y-R\">#marchepourlefutur<\/a> samedi 9 avril \u00e0 <a href=\"https:\/\/www.facebook.com\/hashtag\/villefranchesursaone?__eep__=6&amp;__cft__[0]=AZWvsoqQnyMsx1WHGC1aGtOf7Q1ZHjuGLtpN2lz8-MBI3ASMiMtceGpsIW4iZpgW2_2W8AKDtHQ4XQq1ALaxU9kJxsxRSqTk9p6JhyMjBmFVCZ-skjHAAvs241FI3llTwAYFhljYFuQPaP7eBhvyS2NtVviqk-_zQYC5h2VCcpNGrw&amp;__tn__=*NK-y-R\">#villefranchesursaone<\/a> \u00e0 10h devant la Gare SNCF !Guerre en Ukraine, crises climatique et sanitaire, flamb\u00e9e des in\u00e9galit\u00e9s, mont\u00e9e des discours de haine, violences sexistes et de genres\u2026 Nombreuses sont les raisons du d\u00e9couragement et de la paralysie. \u00c0 quelques jours de l\u2019\u00e9lection pr\u00e9sidentielle, on veut nous faire croire que l\u2019histoire est d\u00e9j\u00e0 \u00e9crite. Mais il ne tient qu\u2019\u00e0 nous de l\u2019\u00e9crire. Le 9 avril, la veille du premier tour, nous nous rassemblerons par centaines de milliers. Pour faire des cinq prochaines ann\u00e9es celles de la justice, du climat, de l\u2019\u00e9galit\u00e9 et de la paix. Pour enfin nous retrouver et porter haut et fort nos valeurs, celles d\u2019un monde juste et soutenable. Nous n\u2019attendrons pas 5 ans de plus pour le b\u00e2tir.Nous nous allions pour des grandes marches citoyennes pour d\u00e9fendre un futur d\u00e9sirable, notre futur ! Justice, climat, paix &#8211; pour que ce monde d\u00e9sirable advienne, mobilisons-nous dans la rue et dans les urnes et construisons-le, ensemble, en rejoignant massivement les mouvements sociaux !<\/p>\n\n\n\n<p>Organis\u00e9 par Alternatiba &#8211; Beaujolais Val de Sa\u00f4ne pour l&rsquo;initiative de Villefranche sur Sa\u00f4ne<\/p>\n","protected":false},"excerpt":{"rendered":"<p>Villefranche sur Sa\u00f4ne \u00e0 10h00 devant la gare SNCF L\u2019UD CGT 69\u00a0 soutient cette marche et appelle ses syndiqu\u00e9.es \u00e0 participer nombreuses et nombreux le 9 avril \u00e0 14h00 Place Jean Mac\u00e9 et \u00e0 Villefranche sur Sa\u00f4ne \u00e0 10h00 devant la Gare SNCF. Pour le climat, rejoins nous \u00e0 la #marchepourlefutur samedi 9 avril \u00e0 [&hellip;]<\/p>\n","protected":false},"author":7,"featured_media":0,"comment_status":"closed","ping_status":"closed","sticky":false,"template":"","format":"standard","meta":[],"categories":[1],"tags":[],"_links":{"self":[{"href":"http:\/\/www.ulcgt69villefranche.fr\/index.php?rest_route=\/wp\/v2\/posts\/3877"}],"collection":[{"href":"http:\/\/www.ulcgt69villefranche.fr\/index.php?rest_route=\/wp\/v2\/posts"}],"about":[{"href":"http:\/\/www.ulcgt69villefranche.fr\/index.php?rest_route=\/wp\/v2\/types\/post"}],"author":[{"embeddable":true,"href":"http:\/\/www.ulcgt69villefranche.fr\/index.php?rest_route=\/wp\/v2\/users\/7"}],"replies":[{"embeddable":true,"href":"http:\/\/www.ulcgt69villefranche.fr\/index.php?rest_route=%2Fwp%2Fv2%2Fcomments&post=3877"}],"version-history":[{"count":4,"href":"http:\/\/www.ulcgt69villefranche.fr\/index.php?rest_route=\/wp\/v2\/posts\/3877\/revisions"}],"predecessor-version":[{"id":3881,"href":"http:\/\/www.ulcgt69villefranche.fr\/index.php?rest_route=\/wp\/v2\/posts\/3877\/revisions\/3881"}],"wp:attachment":[{"href":"http:\/\/www.ulcgt69villefranche.fr\/index.php?rest_route=%2Fwp%2Fv2%2Fmedia&parent=3877"}],"wp:term":[{"taxonomy":"category","embeddable":true,"href":"http:\/\/www.ulcgt69villefranche.fr\/index.php?rest_route=%2Fwp%2Fv2%2Fcategories&post=3877"},{"taxonomy":"post_tag","embeddable":true,"href":"http:\/\/www.ulcgt69villefranche.fr\/index.php?rest_route=%2Fwp%2Fv2%2Ftags&post=3877"}],"curies":[{"name":"wp","href":"https:\/\/api.w.org\/{rel}","templated":true}]}}