{"id":3869,"date":"2022-04-05T15:42:13","date_gmt":"2022-04-05T13:42:13","guid":{"rendered":"http:\/\/www.ulcgt69villefranche.fr\/?p=3869"},"modified":"2022-04-05T15:42:13","modified_gmt":"2022-04-05T13:42:13","slug":"mars-avril-2022-petition-cgt","status":"publish","type":"post","link":"http:\/\/www.ulcgt69villefranche.fr\/?p=3869","title":{"rendered":"Mars &#8211; Avril 2022 P\u00e9tition CGT"},"content":{"rendered":"\n<figure class=\"wp-block-image size-full\"><a href=\"http:\/\/www.ulcgt69villefranche.fr\/wp-content\/uploads\/2022\/04\/PETITION-MARS2022.png\"><img loading=\"lazy\" width=\"968\" height=\"567\" src=\"http:\/\/www.ulcgt69villefranche.fr\/wp-content\/uploads\/2022\/04\/PETITION-MARS2022.png\" alt=\"\" class=\"wp-image-3874\" srcset=\"http:\/\/www.ulcgt69villefranche.fr\/wp-content\/uploads\/2022\/04\/PETITION-MARS2022.png 968w, http:\/\/www.ulcgt69villefranche.fr\/wp-content\/uploads\/2022\/04\/PETITION-MARS2022-300x176.png 300w, http:\/\/www.ulcgt69villefranche.fr\/wp-content\/uploads\/2022\/04\/PETITION-MARS2022-768x450.png 768w\" sizes=\"(max-width: 968px) 100vw, 968px\" \/><\/a><\/figure>\n\n\n\n<h1>P\u00e9tition \u00ab\u00a0Salaires, carburants, ISF : pour des mesures sociales et fiscales visant justice et efficacit\u00e9.\u00a0\u00bb<\/h1>\n\n\n\n<p>Des mesures urgentes s\u2019imposent pour r\u00e9pondre \u00e0 la volont\u00e9 de vivre dignement de son travail dans notre pays et \u00e0 la volont\u00e9 de justice sociale.<\/p>\n\n\n\n<h2>La majorit\u00e9 de celles et ceux qui ont fait fonctionner le pays pendant ces deux ans de crise sanitaire ont des salaires d\u00e9finitivement trop bas pour faire face aux prix qui s\u2019envolent \u00e9nergie, logement, nourriture, carburants&#8230;<\/h2>\n\n\n\n<p>Sur la m\u00eame p\u00e9riode, en France, la fortune des milliardaires a augment\u00e9 de 86 % depuis le d\u00e9but de la pand\u00e9mie et 4 millions de personnes suppl\u00e9mentaires se sont retrouv\u00e9es en situation de vuln\u00e9rabilit\u00e9.<\/p>\n\n\n\n<p>Les 1% les plus riches ont vu leur niveau de vie augmenter de 2,8% en moyenne, quand les 5% des m\u00e9nages les plus modestes ont perdu jusqu\u2019\u00e0 0,5% de leur pouvoir d\u2019achat.<\/p>\n\n\n\n<p>On peut assez facilement constater que l\u2019all\u00e8gement de la fiscalit\u00e9 des plus riches d\u00e8s le d\u00e9but du quinquennat n\u2019a certainement pas b\u00e9n\u00e9fici\u00e9 ni aux int\u00e9r\u00eats du pays ni \u00e0 ses citoyens et a renforc\u00e9 le creusement des in\u00e9galit\u00e9s.<a href=\"https:\/\/www.cgt.fr\/petition\/petition-pour-des-mesures-fiscales-visant-justice-sociale-et-efficacite-economique\">Signez la petition<\/a><\/p>\n\n\n\n<p>Il est temps de viser non seulement la justice sociale mais aussi l\u2019efficacit\u00e9 \u00e9conomique. L\u2019all\u00e8gement de la fiscalit\u00e9 indirecte telle la TVA peut \u00eatre financ\u00e9 par l\u2019augmentation de l\u2019imp\u00f4t sur les revenus du capital et sur la fortune.<\/p>\n\n\n\n<h3><strong>Sans attendre apr\u00e8s des promesses \u00e9lectorales car c\u2019est aujourd\u2019hui que des millions de fran\u00e7ais vivent dans l\u2019incertitude le leur avenir, nous demandons&nbsp;:<\/strong><\/h3>\n\n\n\n<ul><li><strong>Le SMIC \u00e0 2 000 \u20ac brut et la revalorisation de tous les salaires<\/strong>&nbsp;dans le public et le priv\u00e9 ainsi que des&nbsp;<strong>pensions<\/strong>&nbsp;;<\/li><li><strong>L&rsquo;augmentation automatique de l&rsquo;ensemble des salaires minima<\/strong>&nbsp;de branches d\u00e8s lors que le Smic est revaloris\u00e9<\/li><li><strong>La baisse de la TVA \u00e0 5,5% sur les carburants<\/strong>, produits de premi\u00e8re n\u00e9cessit\u00e9 pour des millions de travailleurs.<\/li><li><strong>Le retour de l\u2019imp\u00f4t sur la fortune<\/strong>, son am\u00e9lioration dans sa fonction de solidarit\u00e9 et de progressivit\u00e9.<\/li><\/ul>\n","protected":false},"excerpt":{"rendered":"<p>P\u00e9tition \u00ab\u00a0Salaires, carburants, ISF : pour des mesures sociales et fiscales visant justice et efficacit\u00e9.\u00a0\u00bb Des mesures urgentes s\u2019imposent pour r\u00e9pondre \u00e0 la volont\u00e9 de vivre dignement de son travail dans notre pays et \u00e0 la volont\u00e9 de justice sociale. La majorit\u00e9 de celles et ceux qui ont fait fonctionner le pays pendant ces deux [&hellip;]<\/p>\n","protected":false},"author":7,"featured_media":0,"comment_status":"closed","ping_status":"closed","sticky":false,"template":"","format":"standard","meta":[],"categories":[1],"tags":[],"_links":{"self":[{"href":"http:\/\/www.ulcgt69villefranche.fr\/index.php?rest_route=\/wp\/v2\/posts\/3869"}],"collection":[{"href":"http:\/\/www.ulcgt69villefranche.fr\/index.php?rest_route=\/wp\/v2\/posts"}],"about":[{"href":"http:\/\/www.ulcgt69villefranche.fr\/index.php?rest_route=\/wp\/v2\/types\/post"}],"author":[{"embeddable":true,"href":"http:\/\/www.ulcgt69villefranche.fr\/index.php?rest_route=\/wp\/v2\/users\/7"}],"replies":[{"embeddable":true,"href":"http:\/\/www.ulcgt69villefranche.fr\/index.php?rest_route=%2Fwp%2Fv2%2Fcomments&post=3869"}],"version-history":[{"count":6,"href":"http:\/\/www.ulcgt69villefranche.fr\/index.php?rest_route=\/wp\/v2\/posts\/3869\/revisions"}],"predecessor-version":[{"id":3876,"href":"http:\/\/www.ulcgt69villefranche.fr\/index.php?rest_route=\/wp\/v2\/posts\/3869\/revisions\/3876"}],"wp:attachment":[{"href":"http:\/\/www.ulcgt69villefranche.fr\/index.php?rest_route=%2Fwp%2Fv2%2Fmedia&parent=3869"}],"wp:term":[{"taxonomy":"category","embeddable":true,"href":"http:\/\/www.ulcgt69villefranche.fr\/index.php?rest_route=%2Fwp%2Fv2%2Fcategories&post=3869"},{"taxonomy":"post_tag","embeddable":true,"href":"http:\/\/www.ulcgt69villefranche.fr\/index.php?rest_route=%2Fwp%2Fv2%2Ftags&post=3869"}],"curies":[{"name":"wp","href":"https:\/\/api.w.org\/{rel}","templated":true}]}}