{"id":3775,"date":"2022-03-07T18:31:00","date_gmt":"2022-03-07T17:31:00","guid":{"rendered":"http:\/\/www.ulcgt69villefranche.fr\/?p=3775"},"modified":"2022-11-28T15:33:44","modified_gmt":"2022-11-28T14:33:44","slug":"17-mars-2022-manifestation-a-villefranche","status":"publish","type":"post","link":"http:\/\/www.ulcgt69villefranche.fr\/?p=3775","title":{"rendered":"17 Mars 2022 Manifestation \u00e0 Villefranche"},"content":{"rendered":"\n<p class=\"has-text-align-center\">L\u2019union locale CGT de Villefranche du Beaujolais et du Val de Sa\u00f4ne appelle \u00e0 manifester pour l&rsquo;augmentation des salaires et des pensions: <\/p>\n\n\n\n<p class=\"has-text-align-center\"><strong>Une priorit\u00e9 !<\/strong><\/p>\n\n\n\n<p>Appel intersyndical du 17 Mars 2022 (<a href=\"http:\/\/www.ulcgt69villefranche.fr\/wp-content\/uploads\/2022\/03\/Appel-intersyndical-du-17-03-2022.pdf\" target=\"_blank\" rel=\"noreferrer noopener\">Communiqu\u00e9 de presse intersyndical d\u00e9partemental<\/a>)<\/p>\n\n\n\n<h2 class=\"has-text-align-center\">D\u00e9part Place de la Lib\u00e9ration (Promenoir)<\/h2>\n\n\n\n<h2 class=\"has-text-align-center\">Jeudi 17 Mars 2022 \u00e0 17h00<\/h2>\n\n\n\n<figure class=\"wp-block-image is-resized\"><img loading=\"lazy\" src=\"http:\/\/www.ulcgt69villefranche.fr\/wp-content\/uploads\/2022\/01\/DSC_0016-1024x678.jpg\" alt=\"\" class=\"wp-image-3624\" width=\"839\" height=\"555\" srcset=\"http:\/\/www.ulcgt69villefranche.fr\/wp-content\/uploads\/2022\/01\/DSC_0016-1024x678.jpg 1024w, http:\/\/www.ulcgt69villefranche.fr\/wp-content\/uploads\/2022\/01\/DSC_0016-300x199.jpg 300w, http:\/\/www.ulcgt69villefranche.fr\/wp-content\/uploads\/2022\/01\/DSC_0016-768x509.jpg 768w, http:\/\/www.ulcgt69villefranche.fr\/wp-content\/uploads\/2022\/01\/DSC_0016-1536x1017.jpg 1536w, http:\/\/www.ulcgt69villefranche.fr\/wp-content\/uploads\/2022\/01\/DSC_0016-2048x1356.jpg 2048w\" sizes=\"(max-width: 839px) 100vw, 839px\" \/><\/figure>\n\n\n\n<figure class=\"wp-block-image size-large\"><a href=\"http:\/\/www.ulcgt69villefranche.fr\/wp-content\/uploads\/2022\/11\/Flyer-jeudi-17-mars-2022-Recto.jpg\"><img loading=\"lazy\" width=\"742\" height=\"1024\" src=\"http:\/\/www.ulcgt69villefranche.fr\/wp-content\/uploads\/2022\/11\/Flyer-jeudi-17-mars-2022-Recto-742x1024.jpg\" alt=\"\" class=\"wp-image-4338\" srcset=\"http:\/\/www.ulcgt69villefranche.fr\/wp-content\/uploads\/2022\/11\/Flyer-jeudi-17-mars-2022-Recto-742x1024.jpg 742w, http:\/\/www.ulcgt69villefranche.fr\/wp-content\/uploads\/2022\/11\/Flyer-jeudi-17-mars-2022-Recto-217x300.jpg 217w, http:\/\/www.ulcgt69villefranche.fr\/wp-content\/uploads\/2022\/11\/Flyer-jeudi-17-mars-2022-Recto-768x1060.jpg 768w, http:\/\/www.ulcgt69villefranche.fr\/wp-content\/uploads\/2022\/11\/Flyer-jeudi-17-mars-2022-Recto.jpg 962w\" sizes=\"(max-width: 742px) 100vw, 742px\" \/><\/a><\/figure>\n\n\n\n<figure class=\"wp-block-image\"><img loading=\"lazy\" width=\"742\" height=\"1024\" src=\"http:\/\/www.ulcgt69villefranche.fr\/wp-content\/uploads\/2022\/03\/Flyer-jeudi-17-mars-2022-Verso-742x1024.jpg\" alt=\"\" class=\"wp-image-3774\" srcset=\"http:\/\/www.ulcgt69villefranche.fr\/wp-content\/uploads\/2022\/03\/Flyer-jeudi-17-mars-2022-Verso-742x1024.jpg 742w, http:\/\/www.ulcgt69villefranche.fr\/wp-content\/uploads\/2022\/03\/Flyer-jeudi-17-mars-2022-Verso-217x300.jpg 217w, http:\/\/www.ulcgt69villefranche.fr\/wp-content\/uploads\/2022\/03\/Flyer-jeudi-17-mars-2022-Verso-768x1060.jpg 768w, http:\/\/www.ulcgt69villefranche.fr\/wp-content\/uploads\/2022\/03\/Flyer-jeudi-17-mars-2022-Verso.jpg 962w\" sizes=\"(max-width: 742px) 100vw, 742px\" \/><\/figure>\n","protected":false},"excerpt":{"rendered":"<p>L\u2019union locale CGT de Villefranche du Beaujolais et du Val de Sa\u00f4ne appelle \u00e0 manifester pour l&rsquo;augmentation des salaires et des pensions: Une priorit\u00e9 ! Appel intersyndical du 17 Mars 2022 (Communiqu\u00e9 de presse intersyndical d\u00e9partemental) D\u00e9part Place de la Lib\u00e9ration (Promenoir) Jeudi 17 Mars 2022 \u00e0 17h00<\/p>\n","protected":false},"author":7,"featured_media":0,"comment_status":"closed","ping_status":"closed","sticky":false,"template":"","format":"standard","meta":[],"categories":[6],"tags":[],"_links":{"self":[{"href":"http:\/\/www.ulcgt69villefranche.fr\/index.php?rest_route=\/wp\/v2\/posts\/3775"}],"collection":[{"href":"http:\/\/www.ulcgt69villefranche.fr\/index.php?rest_route=\/wp\/v2\/posts"}],"about":[{"href":"http:\/\/www.ulcgt69villefranche.fr\/index.php?rest_route=\/wp\/v2\/types\/post"}],"author":[{"embeddable":true,"href":"http:\/\/www.ulcgt69villefranche.fr\/index.php?rest_route=\/wp\/v2\/users\/7"}],"replies":[{"embeddable":true,"href":"http:\/\/www.ulcgt69villefranche.fr\/index.php?rest_route=%2Fwp%2Fv2%2Fcomments&post=3775"}],"version-history":[{"count":7,"href":"http:\/\/www.ulcgt69villefranche.fr\/index.php?rest_route=\/wp\/v2\/posts\/3775\/revisions"}],"predecessor-version":[{"id":4341,"href":"http:\/\/www.ulcgt69villefranche.fr\/index.php?rest_route=\/wp\/v2\/posts\/3775\/revisions\/4341"}],"wp:attachment":[{"href":"http:\/\/www.ulcgt69villefranche.fr\/index.php?rest_route=%2Fwp%2Fv2%2Fmedia&parent=3775"}],"wp:term":[{"taxonomy":"category","embeddable":true,"href":"http:\/\/www.ulcgt69villefranche.fr\/index.php?rest_route=%2Fwp%2Fv2%2Fcategories&post=3775"},{"taxonomy":"post_tag","embeddable":true,"href":"http:\/\/www.ulcgt69villefranche.fr\/index.php?rest_route=%2Fwp%2Fv2%2Ftags&post=3775"}],"curies":[{"name":"wp","href":"https:\/\/api.w.org\/{rel}","templated":true}]}}