{"id":3706,"date":"2022-02-26T13:16:42","date_gmt":"2022-02-26T12:16:42","guid":{"rendered":"http:\/\/www.ulcgt69villefranche.fr\/?p=3706"},"modified":"2022-02-26T13:17:47","modified_gmt":"2022-02-26T12:17:47","slug":"salon-primevere","status":"publish","type":"post","link":"http:\/\/www.ulcgt69villefranche.fr\/?p=3706","title":{"rendered":"27\/02\/2022 Salon Primev\u00e8re"},"content":{"rendered":"\n<div class=\"wp-block-media-text alignwide is-stacked-on-mobile\"><figure class=\"wp-block-media-text__media\"><img loading=\"lazy\" width=\"353\" height=\"88\" src=\"http:\/\/www.ulcgt69villefranche.fr\/wp-content\/uploads\/2022\/02\/CGT-UD-69-Communication.png\" alt=\"\" class=\"wp-image-3693 size-full\" srcset=\"http:\/\/www.ulcgt69villefranche.fr\/wp-content\/uploads\/2022\/02\/CGT-UD-69-Communication.png 353w, http:\/\/www.ulcgt69villefranche.fr\/wp-content\/uploads\/2022\/02\/CGT-UD-69-Communication-300x75.png 300w\" sizes=\"(max-width: 353px) 100vw, 353px\" \/><\/figure><div class=\"wp-block-media-text__content\">\n<p class=\"has-large-font-size\"><\/p>\n<\/div><\/div>\n\n\n\n<div class=\"wp-block-media-text alignwide is-stacked-on-mobile\"><figure class=\"wp-block-media-text__media\"><img loading=\"lazy\" width=\"174\" height=\"246\" src=\"http:\/\/www.ulcgt69villefranche.fr\/wp-content\/uploads\/2022\/02\/Primevere.jpg\" alt=\"\" class=\"wp-image-3707 size-full\"\/><\/figure><div class=\"wp-block-media-text__content\">\n<h2><strong>Salon Primev\u00e8re&nbsp;: 36\u00e9me salon-rencontres de l\u2019alter-\u00e9cologie<\/strong><\/h2>\n<\/div><\/div>\n\n\n\n<p>Bonjour \u00e0 toutes et tous<\/p>\n\n\n\n<p>&nbsp;L\u2019union d\u00e9partementale 69, avec le comit\u00e9 r\u00e9gional, a d\u00e9cid\u00e9 de s\u2019emparer du&nbsp;<a href=\"http:\/\/0xqsj.mjt.lu\/lnk\/AWEAABkDOBMAAAAAAAAAABlS3fQAAAAAz-8AAAAAABl2ZwBiFl6M-Fz4uYn_RbqsyNq7nMvkGwAYuUI\/1\/Yr-ZkYYdvy47e2o6MV2sjA\/aHR0cDovL3NhbG9ucHJpbWV2ZXJlLm9yZy8\" target=\"_blank\" rel=\"noreferrer noopener\">salon Primev\u00e8re<\/a>&nbsp;pour porter ses propositions sur la question environnementale &nbsp;en lien avec le service public et l\u2019industrie.<\/p>\n\n\n\n<p>Produire mieux, de mani\u00e8re raisonn\u00e9e et responsable ne doit pas se faire contre les salari\u00e9s, mais bien avec les salari\u00e9s. C\u2019est donc dans ce sens que la voix de la CGT, ses propositions doivent \u00eatre entendues, d\u2019o\u00f9 la pr\u00e9sence de notre organisation \u00e0&nbsp; ce salon.&nbsp;<\/p>\n\n\n\n<p>Dans le cadre du collectif &nbsp;\u00ab&nbsp;Plus Jamais \u00e7a&nbsp;\u00bb Rh\u00f4ne (regroupant associations environnementales, soci\u00e9tales et les syndicats CGT, Solidaires et Fsu), pr\u00e9sent au salon, \u00e0 c\u00f4t\u00e9 du stand de la CGT,&nbsp;<strong>une conf\u00e9rence d\u00e9bat est organis\u00e9e le dimanche 27 f\u00e9vrier de 12h \u00e0 13h30.<\/strong><\/p>\n\n\n\n<p>Des places sont disponibles \u00e0 l\u2019UD pour acc\u00e9der au Salon, venir nous rendre visite au Stand, pourquoi pas, le tenir\u2026et \u00eatre pr\u00e9sent au d\u00e9bat de \u00ab&nbsp;Plus Jamais \u00e7a&nbsp;\u00bb.<\/p>\n\n\n\n<p>Fraternellement<\/p>\n\n\n\n<p>&nbsp;Pour l\u2019UD CGT 69 \u2013 Communication<\/p>\n","protected":false},"excerpt":{"rendered":"<p>Salon Primev\u00e8re&nbsp;: 36\u00e9me salon-rencontres de l\u2019alter-\u00e9cologie Bonjour \u00e0 toutes et tous &nbsp;L\u2019union d\u00e9partementale 69, avec le comit\u00e9 r\u00e9gional, a d\u00e9cid\u00e9 de s\u2019emparer du&nbsp;salon Primev\u00e8re&nbsp;pour porter ses propositions sur la question environnementale &nbsp;en lien avec le service public et l\u2019industrie. Produire mieux, de mani\u00e8re raisonn\u00e9e et responsable ne doit pas se faire contre les salari\u00e9s, mais [&hellip;]<\/p>\n","protected":false},"author":7,"featured_media":0,"comment_status":"closed","ping_status":"closed","sticky":false,"template":"","format":"standard","meta":[],"categories":[1],"tags":[],"_links":{"self":[{"href":"http:\/\/www.ulcgt69villefranche.fr\/index.php?rest_route=\/wp\/v2\/posts\/3706"}],"collection":[{"href":"http:\/\/www.ulcgt69villefranche.fr\/index.php?rest_route=\/wp\/v2\/posts"}],"about":[{"href":"http:\/\/www.ulcgt69villefranche.fr\/index.php?rest_route=\/wp\/v2\/types\/post"}],"author":[{"embeddable":true,"href":"http:\/\/www.ulcgt69villefranche.fr\/index.php?rest_route=\/wp\/v2\/users\/7"}],"replies":[{"embeddable":true,"href":"http:\/\/www.ulcgt69villefranche.fr\/index.php?rest_route=%2Fwp%2Fv2%2Fcomments&post=3706"}],"version-history":[{"count":4,"href":"http:\/\/www.ulcgt69villefranche.fr\/index.php?rest_route=\/wp\/v2\/posts\/3706\/revisions"}],"predecessor-version":[{"id":3711,"href":"http:\/\/www.ulcgt69villefranche.fr\/index.php?rest_route=\/wp\/v2\/posts\/3706\/revisions\/3711"}],"wp:attachment":[{"href":"http:\/\/www.ulcgt69villefranche.fr\/index.php?rest_route=%2Fwp%2Fv2%2Fmedia&parent=3706"}],"wp:term":[{"taxonomy":"category","embeddable":true,"href":"http:\/\/www.ulcgt69villefranche.fr\/index.php?rest_route=%2Fwp%2Fv2%2Fcategories&post=3706"},{"taxonomy":"post_tag","embeddable":true,"href":"http:\/\/www.ulcgt69villefranche.fr\/index.php?rest_route=%2Fwp%2Fv2%2Ftags&post=3706"}],"curies":[{"name":"wp","href":"https:\/\/api.w.org\/{rel}","templated":true}]}}