{"id":3628,"date":"2022-02-14T14:08:40","date_gmt":"2022-02-14T13:08:40","guid":{"rendered":"http:\/\/www.ulcgt69villefranche.fr\/?p=3628"},"modified":"2022-02-14T14:08:40","modified_gmt":"2022-02-14T13:08:40","slug":"15-02-2022-rassemblement-bonduelle-frais","status":"publish","type":"post","link":"http:\/\/www.ulcgt69villefranche.fr\/?p=3628","title":{"rendered":"15\/02\/2022 Rassemblement Bonduelle Frais"},"content":{"rendered":"\n<div class=\"wp-block-image\"><figure class=\"aligncenter size-full is-resized\"><a href=\"http:\/\/www.ulcgt69villefranche.fr\/wp-content\/uploads\/2022\/02\/FNAF-Banderole-Bonduelle-casse-lemploi-et-les-salaries.png\"><img loading=\"lazy\" src=\"http:\/\/www.ulcgt69villefranche.fr\/wp-content\/uploads\/2022\/02\/FNAF-Banderole-Bonduelle-casse-lemploi-et-les-salaries.png\" alt=\"\" class=\"wp-image-3629\" width=\"496\" height=\"246\" srcset=\"http:\/\/www.ulcgt69villefranche.fr\/wp-content\/uploads\/2022\/02\/FNAF-Banderole-Bonduelle-casse-lemploi-et-les-salaries.png 396w, http:\/\/www.ulcgt69villefranche.fr\/wp-content\/uploads\/2022\/02\/FNAF-Banderole-Bonduelle-casse-lemploi-et-les-salaries-300x148.png 300w\" sizes=\"(max-width: 496px) 100vw, 496px\" \/><\/a><\/figure><\/div>\n\n\n\n<p>L&rsquo;Union Locale propose un covoiturage pour un d\u00e9part vers 10H00 \u00e0 l&rsquo;UL. <\/p>\n\n\n\n<p><\/p>\n\n\n\n<p>Bonjour les camarades,<\/p>\n\n\n\n<p class=\"has-text-align-center\">&nbsp;&nbsp;<strong><u>RAS-LE-BOL DE LA MISERE<\/u><\/strong><\/p>\n\n\n\n<p>Depuis 8 jours, les salari\u00e9s de l\u2019usine de Bonduelle Frais situ\u00e9 \u00e0 Genas dans le Rh\u00f4ne se sont mis en gr\u00e8ve.<\/p>\n\n\n\n<p>Non par plaisir mais par n\u00e9cessit\u00e9, ras-le-bol des fins mois qui sonnent creux, ras-le-bol de voir notre quotidien se d\u00e9grader ann\u00e9e apr\u00e8s ann\u00e9e, ras-le-bol d\u2019avoir aucune perspective de jours heureux&nbsp;!!!!<\/p>\n\n\n\n<p>Une caisse de solidarit\u00e9 en ligne (le lien ci-dessous) a \u00e9t\u00e9 mis en place pour venir en aide aux salari\u00e9s en gr\u00e8ve et continuer la lutte face \u00e0 une direction compl\u00e8tement sourd aux besoins urgents d&rsquo;une augmentation des salaires.<\/p>\n\n\n\n<p><a href=\"https:\/\/www.leetchi.com\/fr\/c\/wzARApx2?utm_source=email&amp;utm_medium=social_sharing\">https:\/\/www.leetchi.com\/fr\/c\/wzARApx2?utm_source=email&amp;utm_medium=social_sharing<\/a><\/p>\n\n\n\n<p>Les luttes perdues sont celles qu&rsquo;on n&rsquo;a pas men\u00e9.&nbsp;<\/p>\n\n\n\n<p>Pour obtenir satisfaction de nos revendications, seul chemin\u00a0<strong><u>le rapport de force<\/u><\/strong>\u00a0!!!!!<\/p>\n\n\n\n<p><\/p>\n\n\n\n<p class=\"has-text-align-center\"><strong><u>VIVE LA LUTTE ET LA CGT<\/u><\/strong><\/p>\n\n\n\n<p><\/p>\n","protected":false},"excerpt":{"rendered":"<p>L&rsquo;Union Locale propose un covoiturage pour un d\u00e9part vers 10H00 \u00e0 l&rsquo;UL. Bonjour les camarades, &nbsp;&nbsp;RAS-LE-BOL DE LA MISERE Depuis 8 jours, les salari\u00e9s de l\u2019usine de Bonduelle Frais situ\u00e9 \u00e0 Genas dans le Rh\u00f4ne se sont mis en gr\u00e8ve. Non par plaisir mais par n\u00e9cessit\u00e9, ras-le-bol des fins mois qui sonnent creux, ras-le-bol de [&hellip;]<\/p>\n","protected":false},"author":7,"featured_media":0,"comment_status":"closed","ping_status":"closed","sticky":false,"template":"","format":"standard","meta":[],"categories":[1],"tags":[],"_links":{"self":[{"href":"http:\/\/www.ulcgt69villefranche.fr\/index.php?rest_route=\/wp\/v2\/posts\/3628"}],"collection":[{"href":"http:\/\/www.ulcgt69villefranche.fr\/index.php?rest_route=\/wp\/v2\/posts"}],"about":[{"href":"http:\/\/www.ulcgt69villefranche.fr\/index.php?rest_route=\/wp\/v2\/types\/post"}],"author":[{"embeddable":true,"href":"http:\/\/www.ulcgt69villefranche.fr\/index.php?rest_route=\/wp\/v2\/users\/7"}],"replies":[{"embeddable":true,"href":"http:\/\/www.ulcgt69villefranche.fr\/index.php?rest_route=%2Fwp%2Fv2%2Fcomments&post=3628"}],"version-history":[{"count":1,"href":"http:\/\/www.ulcgt69villefranche.fr\/index.php?rest_route=\/wp\/v2\/posts\/3628\/revisions"}],"predecessor-version":[{"id":3630,"href":"http:\/\/www.ulcgt69villefranche.fr\/index.php?rest_route=\/wp\/v2\/posts\/3628\/revisions\/3630"}],"wp:attachment":[{"href":"http:\/\/www.ulcgt69villefranche.fr\/index.php?rest_route=%2Fwp%2Fv2%2Fmedia&parent=3628"}],"wp:term":[{"taxonomy":"category","embeddable":true,"href":"http:\/\/www.ulcgt69villefranche.fr\/index.php?rest_route=%2Fwp%2Fv2%2Fcategories&post=3628"},{"taxonomy":"post_tag","embeddable":true,"href":"http:\/\/www.ulcgt69villefranche.fr\/index.php?rest_route=%2Fwp%2Fv2%2Ftags&post=3628"}],"curies":[{"name":"wp","href":"https:\/\/api.w.org\/{rel}","templated":true}]}}