{"id":3594,"date":"2022-01-19T13:27:27","date_gmt":"2022-01-19T12:27:27","guid":{"rendered":"http:\/\/www.ulcgt69villefranche.fr\/?p=3594"},"modified":"2022-01-26T14:12:45","modified_gmt":"2022-01-26T13:12:45","slug":"27-01-22-manifestation-a-villefranche","status":"publish","type":"post","link":"http:\/\/www.ulcgt69villefranche.fr\/?p=3594","title":{"rendered":"27\/01\/22 : MANIFESTATION \u00c0 VILLEFRANCHE"},"content":{"rendered":"\n<p style=\"text-align:center\">L&rsquo;union locale CGT de Villefranche du Beaujolais et du Val de Sa\u00f4ne appelle \u00e0 manifester contre la politique sociale et \u00e9conomique du gouvernement.<\/p>\n\n\n\n<h2 style=\"text-align:center\">D\u00e9part Place de la Lib\u00e9ration (Promenoir)<\/h2>\n\n\n\n<h2 style=\"text-align:center\">Jeudi 27 janvier 2022 \u00e0 17h00<\/h2>\n\n\n\n<figure class=\"wp-block-image\"><img loading=\"lazy\" width=\"600\" height=\"375\" src=\"http:\/\/www.ulcgt69villefranche.fr\/wp-content\/uploads\/2022\/01\/Screenshot_20220118-220919_Facebook.jpg\" alt=\"\" class=\"wp-image-3593\" srcset=\"http:\/\/www.ulcgt69villefranche.fr\/wp-content\/uploads\/2022\/01\/Screenshot_20220118-220919_Facebook.jpg 600w, http:\/\/www.ulcgt69villefranche.fr\/wp-content\/uploads\/2022\/01\/Screenshot_20220118-220919_Facebook-300x188.jpg 300w\" sizes=\"(max-width: 600px) 100vw, 600px\" \/><\/figure>\n\n\n\n<div class=\"wp-block-image\"><figure class=\"aligncenter\"><img loading=\"lazy\" width=\"510\" height=\"720\" src=\"http:\/\/www.ulcgt69villefranche.fr\/wp-content\/uploads\/2022\/01\/2022-01-27-Tract-recto.jpg\" alt=\"\" class=\"wp-image-3598\" srcset=\"http:\/\/www.ulcgt69villefranche.fr\/wp-content\/uploads\/2022\/01\/2022-01-27-Tract-recto.jpg 510w, http:\/\/www.ulcgt69villefranche.fr\/wp-content\/uploads\/2022\/01\/2022-01-27-Tract-recto-213x300.jpg 213w\" sizes=\"(max-width: 510px) 100vw, 510px\" \/><\/figure><\/div>\n\n\n\n<div class=\"wp-block-image\"><figure class=\"aligncenter\"><img loading=\"lazy\" width=\"502\" height=\"720\" src=\"http:\/\/www.ulcgt69villefranche.fr\/wp-content\/uploads\/2022\/01\/2022-01-27-Tract-verso.jpg\" alt=\"\" class=\"wp-image-3599\" srcset=\"http:\/\/www.ulcgt69villefranche.fr\/wp-content\/uploads\/2022\/01\/2022-01-27-Tract-verso.jpg 502w, http:\/\/www.ulcgt69villefranche.fr\/wp-content\/uploads\/2022\/01\/2022-01-27-Tract-verso-209x300.jpg 209w\" sizes=\"(max-width: 502px) 100vw, 502px\" \/><\/figure><\/div>\n","protected":false},"excerpt":{"rendered":"<p>L&rsquo;union locale CGT de Villefranche du Beaujolais et du Val de Sa\u00f4ne appelle \u00e0 manifester contre la politique sociale et \u00e9conomique du gouvernement. D\u00e9part Place de la Lib\u00e9ration (Promenoir) Jeudi 27 janvier 2022 \u00e0 17h00<\/p>\n","protected":false},"author":3,"featured_media":0,"comment_status":"closed","ping_status":"closed","sticky":false,"template":"","format":"standard","meta":[],"categories":[1],"tags":[],"_links":{"self":[{"href":"http:\/\/www.ulcgt69villefranche.fr\/index.php?rest_route=\/wp\/v2\/posts\/3594"}],"collection":[{"href":"http:\/\/www.ulcgt69villefranche.fr\/index.php?rest_route=\/wp\/v2\/posts"}],"about":[{"href":"http:\/\/www.ulcgt69villefranche.fr\/index.php?rest_route=\/wp\/v2\/types\/post"}],"author":[{"embeddable":true,"href":"http:\/\/www.ulcgt69villefranche.fr\/index.php?rest_route=\/wp\/v2\/users\/3"}],"replies":[{"embeddable":true,"href":"http:\/\/www.ulcgt69villefranche.fr\/index.php?rest_route=%2Fwp%2Fv2%2Fcomments&post=3594"}],"version-history":[{"count":4,"href":"http:\/\/www.ulcgt69villefranche.fr\/index.php?rest_route=\/wp\/v2\/posts\/3594\/revisions"}],"predecessor-version":[{"id":3600,"href":"http:\/\/www.ulcgt69villefranche.fr\/index.php?rest_route=\/wp\/v2\/posts\/3594\/revisions\/3600"}],"wp:attachment":[{"href":"http:\/\/www.ulcgt69villefranche.fr\/index.php?rest_route=%2Fwp%2Fv2%2Fmedia&parent=3594"}],"wp:term":[{"taxonomy":"category","embeddable":true,"href":"http:\/\/www.ulcgt69villefranche.fr\/index.php?rest_route=%2Fwp%2Fv2%2Fcategories&post=3594"},{"taxonomy":"post_tag","embeddable":true,"href":"http:\/\/www.ulcgt69villefranche.fr\/index.php?rest_route=%2Fwp%2Fv2%2Ftags&post=3594"}],"curies":[{"name":"wp","href":"https:\/\/api.w.org\/{rel}","templated":true}]}}