{"id":3583,"date":"2022-01-06T14:27:29","date_gmt":"2022-01-06T13:27:29","guid":{"rendered":"http:\/\/www.ulcgt69villefranche.fr\/?p=3583"},"modified":"2022-01-06T14:27:29","modified_gmt":"2022-01-06T13:27:29","slug":"11-01-22-manifestation-a-lyon-a-14h-place-jean-mace","status":"publish","type":"post","link":"http:\/\/www.ulcgt69villefranche.fr\/?p=3583","title":{"rendered":"11\/01\/22 : MANIFESTATION \u00e0 LYON \u00e0 14H PLACE JEAN MACE"},"content":{"rendered":"\n<p style=\"text-align:center\">La LUTTE CONTINUE<br> Maintenons la pression pour faire entendre nos revendications !<\/p>\n\n\n\n<p style=\"text-align:center\">Le Mardi 11 Janvier 2022 retrouvons nous pour une nouvelle Journ\u00e9e d\u2019action et de gr\u00e8ve<br><\/p>\n\n\n\n<p style=\"text-align:center\" class=\"has-medium-font-size\"><strong>Pour un d\u00e9part collectif de Villefranche RDV \u00e0 9h place du promenoir<\/strong><\/p>\n\n\n\n<p> Pour info l\u2019HNO CGT organise un rassemblement sur le parvis de l\u2019h\u00f4pital \u00e0 11h<\/p>\n\n\n\n<p style=\"text-align:center\"><a rel=\"noreferrer noopener\" aria-label=\"Lire le tract (s\u2019ouvre dans un nouvel onglet)\" href=\"http:\/\/www.ulcgt69villefranche.fr\/wp-content\/uploads\/2022\/01\/Tract-mobilisation-du-11-janvier-2022.pdf\" target=\"_blank\">Lire le tract<\/a><\/p>\n\n\n\n<figure class=\"wp-block-image\"><img loading=\"lazy\" width=\"960\" height=\"540\" src=\"http:\/\/www.ulcgt69villefranche.fr\/wp-content\/uploads\/2021\/04\/67132576_2339938442932288_4104297342495096832_n.jpg\" alt=\"\" class=\"wp-image-3390\" srcset=\"http:\/\/www.ulcgt69villefranche.fr\/wp-content\/uploads\/2021\/04\/67132576_2339938442932288_4104297342495096832_n.jpg 960w, http:\/\/www.ulcgt69villefranche.fr\/wp-content\/uploads\/2021\/04\/67132576_2339938442932288_4104297342495096832_n-300x169.jpg 300w, http:\/\/www.ulcgt69villefranche.fr\/wp-content\/uploads\/2021\/04\/67132576_2339938442932288_4104297342495096832_n-768x432.jpg 768w\" sizes=\"(max-width: 960px) 100vw, 960px\" \/><\/figure>\n","protected":false},"excerpt":{"rendered":"<p>La LUTTE CONTINUE Maintenons la pression pour faire entendre nos revendications ! Le Mardi 11 Janvier 2022 retrouvons nous pour une nouvelle Journ\u00e9e d\u2019action et de gr\u00e8ve Pour un d\u00e9part collectif de Villefranche RDV \u00e0 9h place du promenoir Pour info l\u2019HNO CGT organise un rassemblement sur le parvis de l\u2019h\u00f4pital \u00e0 11h Lire le [&hellip;]<\/p>\n","protected":false},"author":3,"featured_media":0,"comment_status":"closed","ping_status":"closed","sticky":false,"template":"","format":"standard","meta":[],"categories":[1],"tags":[],"_links":{"self":[{"href":"http:\/\/www.ulcgt69villefranche.fr\/index.php?rest_route=\/wp\/v2\/posts\/3583"}],"collection":[{"href":"http:\/\/www.ulcgt69villefranche.fr\/index.php?rest_route=\/wp\/v2\/posts"}],"about":[{"href":"http:\/\/www.ulcgt69villefranche.fr\/index.php?rest_route=\/wp\/v2\/types\/post"}],"author":[{"embeddable":true,"href":"http:\/\/www.ulcgt69villefranche.fr\/index.php?rest_route=\/wp\/v2\/users\/3"}],"replies":[{"embeddable":true,"href":"http:\/\/www.ulcgt69villefranche.fr\/index.php?rest_route=%2Fwp%2Fv2%2Fcomments&post=3583"}],"version-history":[{"count":4,"href":"http:\/\/www.ulcgt69villefranche.fr\/index.php?rest_route=\/wp\/v2\/posts\/3583\/revisions"}],"predecessor-version":[{"id":3587,"href":"http:\/\/www.ulcgt69villefranche.fr\/index.php?rest_route=\/wp\/v2\/posts\/3583\/revisions\/3587"}],"wp:attachment":[{"href":"http:\/\/www.ulcgt69villefranche.fr\/index.php?rest_route=%2Fwp%2Fv2%2Fmedia&parent=3583"}],"wp:term":[{"taxonomy":"category","embeddable":true,"href":"http:\/\/www.ulcgt69villefranche.fr\/index.php?rest_route=%2Fwp%2Fv2%2Fcategories&post=3583"},{"taxonomy":"post_tag","embeddable":true,"href":"http:\/\/www.ulcgt69villefranche.fr\/index.php?rest_route=%2Fwp%2Fv2%2Ftags&post=3583"}],"curies":[{"name":"wp","href":"https:\/\/api.w.org\/{rel}","templated":true}]}}