{"id":3524,"date":"2021-11-30T11:23:42","date_gmt":"2021-11-30T10:23:42","guid":{"rendered":"http:\/\/www.ulcgt69villefranche.fr\/?p=3524"},"modified":"2021-12-16T19:27:36","modified_gmt":"2021-12-16T18:27:36","slug":"07-12-2021-halte-a-la-marchandisation-de-nos-secteurs","status":"publish","type":"post","link":"http:\/\/www.ulcgt69villefranche.fr\/?p=3524","title":{"rendered":"07\/12\/21 : H\u00c2LTE \u00c0 LA MARCHANDISATION DE NOS SECTEURS !"},"content":{"rendered":"\n<p style=\"text-align:center\" class=\"has-medium-font-size\">TOUTES et TOUS DANS LA RUE<\/p>\n\n\n\n<h3 style=\"text-align:center\"> <strong>MARDI 07 D\u00c9CEMBRE 2021<\/strong><br> <strong>RASSEMBLEMENT \u00e0 11h devant la mairie de Villefranche sur Sa\u00f4ne<\/strong><\/h3>\n\n\n\n<p style=\"text-align:center\"> Et rassemblement collectif \u00e0 13h30 \u00e0 Lyon<br> Place Jean Mac\u00e9 en direction de la Pr\u00e9fecture<\/p>\n\n\n\n<p style=\"text-align:center\"><a href=\"http:\/\/www.ulcgt69villefranche.fr\/wp-content\/uploads\/2021\/11\/tract-7-decembre-2021-1.pdf\" target=\"_blank\" rel=\"noreferrer noopener\" aria-label=\"Lire le tract (s\u2019ouvre dans un nouvel onglet)\">Lire le tract<\/a><\/p>\n\n\n\n<figure class=\"wp-block-image\"><img loading=\"lazy\" width=\"1024\" height=\"768\" src=\"http:\/\/www.ulcgt69villefranche.fr\/wp-content\/uploads\/2021\/10\/P1160858-1024x768.jpeg\" alt=\"\" class=\"wp-image-3516\" srcset=\"http:\/\/www.ulcgt69villefranche.fr\/wp-content\/uploads\/2021\/10\/P1160858.jpeg 1024w, http:\/\/www.ulcgt69villefranche.fr\/wp-content\/uploads\/2021\/10\/P1160858-300x225.jpeg 300w, http:\/\/www.ulcgt69villefranche.fr\/wp-content\/uploads\/2021\/10\/P1160858-768x576.jpeg 768w\" sizes=\"(max-width: 1024px) 100vw, 1024px\" \/><\/figure>\n","protected":false},"excerpt":{"rendered":"<p>TOUTES et TOUS DANS LA RUE MARDI 07 D\u00c9CEMBRE 2021 RASSEMBLEMENT \u00e0 11h devant la mairie de Villefranche sur Sa\u00f4ne Et rassemblement collectif \u00e0 13h30 \u00e0 Lyon Place Jean Mac\u00e9 en direction de la Pr\u00e9fecture Lire le tract<\/p>\n","protected":false},"author":3,"featured_media":0,"comment_status":"closed","ping_status":"closed","sticky":false,"template":"","format":"standard","meta":[],"categories":[22,21,6],"tags":[],"_links":{"self":[{"href":"http:\/\/www.ulcgt69villefranche.fr\/index.php?rest_route=\/wp\/v2\/posts\/3524"}],"collection":[{"href":"http:\/\/www.ulcgt69villefranche.fr\/index.php?rest_route=\/wp\/v2\/posts"}],"about":[{"href":"http:\/\/www.ulcgt69villefranche.fr\/index.php?rest_route=\/wp\/v2\/types\/post"}],"author":[{"embeddable":true,"href":"http:\/\/www.ulcgt69villefranche.fr\/index.php?rest_route=\/wp\/v2\/users\/3"}],"replies":[{"embeddable":true,"href":"http:\/\/www.ulcgt69villefranche.fr\/index.php?rest_route=%2Fwp%2Fv2%2Fcomments&post=3524"}],"version-history":[{"count":8,"href":"http:\/\/www.ulcgt69villefranche.fr\/index.php?rest_route=\/wp\/v2\/posts\/3524\/revisions"}],"predecessor-version":[{"id":3533,"href":"http:\/\/www.ulcgt69villefranche.fr\/index.php?rest_route=\/wp\/v2\/posts\/3524\/revisions\/3533"}],"wp:attachment":[{"href":"http:\/\/www.ulcgt69villefranche.fr\/index.php?rest_route=%2Fwp%2Fv2%2Fmedia&parent=3524"}],"wp:term":[{"taxonomy":"category","embeddable":true,"href":"http:\/\/www.ulcgt69villefranche.fr\/index.php?rest_route=%2Fwp%2Fv2%2Fcategories&post=3524"},{"taxonomy":"post_tag","embeddable":true,"href":"http:\/\/www.ulcgt69villefranche.fr\/index.php?rest_route=%2Fwp%2Fv2%2Ftags&post=3524"}],"curies":[{"name":"wp","href":"https:\/\/api.w.org\/{rel}","templated":true}]}}