{"id":3495,"date":"2021-09-24T10:15:40","date_gmt":"2021-09-24T08:15:40","guid":{"rendered":"http:\/\/www.ulcgt69villefranche.fr\/?p=3495"},"modified":"2021-12-16T19:27:59","modified_gmt":"2021-12-16T18:27:59","slug":"05-10-21","status":"publish","type":"post","link":"http:\/\/www.ulcgt69villefranche.fr\/?p=3495","title":{"rendered":"05\/10\/21 : MANIFESTATION A VILLEFRANCHE"},"content":{"rendered":"<p><a href=\"http:\/\/www.ulcgt69villefranche.fr\/wp-content\/uploads\/2021\/09\/5-0ct-fb2_0.jpg\"><img loading=\"lazy\" class=\"aligncenter size-full wp-image-3494\" src=\"http:\/\/www.ulcgt69villefranche.fr\/wp-content\/uploads\/2021\/09\/5-0ct-fb2_0.jpg\" alt=\"\" width=\"1200\" height=\"630\" srcset=\"http:\/\/www.ulcgt69villefranche.fr\/wp-content\/uploads\/2021\/09\/5-0ct-fb2_0.jpg 1200w, http:\/\/www.ulcgt69villefranche.fr\/wp-content\/uploads\/2021\/09\/5-0ct-fb2_0-300x158.jpg 300w, http:\/\/www.ulcgt69villefranche.fr\/wp-content\/uploads\/2021\/09\/5-0ct-fb2_0-768x403.jpg 768w, http:\/\/www.ulcgt69villefranche.fr\/wp-content\/uploads\/2021\/09\/5-0ct-fb2_0-1024x538.jpg 1024w\" sizes=\"(max-width: 1200px) 100vw, 1200px\" \/><\/a><\/p>\n<h1 style=\"text-align: center;\">MANIFESTATION A VILLEFRANCHE<\/h1>\n<h1 style=\"text-align: center;\">17H PLACE DU PROMENOIR<\/h1>\n<p>Le gouvernement fait le choix de maintenir sa ligne r\u00e9trograde : relance de la r\u00e9forme des retraite, maintien de la r\u00e9forme assurance-ch\u00f4mage, sanctions contre les salari\u00e9s\u2026<\/p>\n<p><strong>Le 5 octobre, 5 raisons d\u2019agir :<\/strong><\/p>\n<ul>\n<li>Une politique de retour au plein-emploi.<\/li>\n<li>Un renforcement de notre syst\u00e8me de retraite.<\/li>\n<li>Une augmentation g\u00e9n\u00e9rale des salaires et des minima sociaux.<\/li>\n<li>Le d\u00e9veloppement de notre protection sociale.<\/li>\n<li>Une v\u00e9ritable \u00e9galit\u00e9 professionnelle et salariale entre les femmes et les hommes<\/li>\n<\/ul>\n","protected":false},"excerpt":{"rendered":"<p>MANIFESTATION A VILLEFRANCHE 17H PLACE DU PROMENOIR Le gouvernement fait le choix de maintenir sa ligne r\u00e9trograde : relance de la r\u00e9forme des retraite, maintien de la r\u00e9forme assurance-ch\u00f4mage, sanctions contre les salari\u00e9s\u2026 Le 5 octobre, 5 raisons d\u2019agir : Une politique de retour au plein-emploi. Un renforcement de notre syst\u00e8me de retraite. Une augmentation [&hellip;]<\/p>\n","protected":false},"author":3,"featured_media":0,"comment_status":"closed","ping_status":"closed","sticky":false,"template":"","format":"standard","meta":[],"categories":[1],"tags":[],"_links":{"self":[{"href":"http:\/\/www.ulcgt69villefranche.fr\/index.php?rest_route=\/wp\/v2\/posts\/3495"}],"collection":[{"href":"http:\/\/www.ulcgt69villefranche.fr\/index.php?rest_route=\/wp\/v2\/posts"}],"about":[{"href":"http:\/\/www.ulcgt69villefranche.fr\/index.php?rest_route=\/wp\/v2\/types\/post"}],"author":[{"embeddable":true,"href":"http:\/\/www.ulcgt69villefranche.fr\/index.php?rest_route=\/wp\/v2\/users\/3"}],"replies":[{"embeddable":true,"href":"http:\/\/www.ulcgt69villefranche.fr\/index.php?rest_route=%2Fwp%2Fv2%2Fcomments&post=3495"}],"version-history":[{"count":5,"href":"http:\/\/www.ulcgt69villefranche.fr\/index.php?rest_route=\/wp\/v2\/posts\/3495\/revisions"}],"predecessor-version":[{"id":3523,"href":"http:\/\/www.ulcgt69villefranche.fr\/index.php?rest_route=\/wp\/v2\/posts\/3495\/revisions\/3523"}],"wp:attachment":[{"href":"http:\/\/www.ulcgt69villefranche.fr\/index.php?rest_route=%2Fwp%2Fv2%2Fmedia&parent=3495"}],"wp:term":[{"taxonomy":"category","embeddable":true,"href":"http:\/\/www.ulcgt69villefranche.fr\/index.php?rest_route=%2Fwp%2Fv2%2Fcategories&post=3495"},{"taxonomy":"post_tag","embeddable":true,"href":"http:\/\/www.ulcgt69villefranche.fr\/index.php?rest_route=%2Fwp%2Fv2%2Ftags&post=3495"}],"curies":[{"name":"wp","href":"https:\/\/api.w.org\/{rel}","templated":true}]}}