{"id":349,"date":"2012-03-19T11:43:36","date_gmt":"2012-03-19T10:43:36","guid":{"rendered":"http:\/\/s319008135.onlinehome.fr\/WP\/?p=349"},"modified":"2013-03-14T17:20:51","modified_gmt":"2013-03-14T16:20:51","slug":"le-29-mars-pour-la-reconquete-de-la-protection-sociale","status":"publish","type":"post","link":"http:\/\/www.ulcgt69villefranche.fr\/?p=349","title":{"rendered":"Le 29 mars Pour la reconqu\u00eate de la Protection Sociale"},"content":{"rendered":"<p style=\"text-align: center;\"><strong><a href=\"http:\/\/www.ulcgt69villefranche.fr\/wp-content\/uploads\/2012\/03\/290312.bmp\"><img class=\"alignleft\" title=\"290312\" src=\"http:\/\/www.ulcgt69villefranche.fr\/wp-content\/uploads\/2012\/03\/290312.bmp\" alt=\"\" \/><\/a><\/strong>\u00a0<br \/>\n<strong>Le 29 mars 2012 doit \u00eatre une grande journ\u00e9e nationale de gr\u00e8ves et de manifestations dans les r\u00e9gions pour dire stop \u00e0 la casse de la<br \/>\n<\/strong><strong>protection sociale.<\/strong><\/p>\n<p style=\"text-align: center;\"><strong>\u00a0MANIFESTATION REGIONALE A LYON<br \/>\n<\/strong><strong>A 11 H de la Place Guichard \u00e0 la Pr\u00e9fecture<br \/>\n\u00a0<\/strong><\/p>\n","protected":false},"excerpt":{"rendered":"<p>\u00a0 Le 29 mars 2012 doit \u00eatre une grande journ\u00e9e nationale de gr\u00e8ves et de manifestations dans les r\u00e9gions pour dire stop \u00e0 la casse de la protection sociale. \u00a0MANIFESTATION REGIONALE A LYON A 11 H de la Place Guichard \u00e0 la Pr\u00e9fecture \u00a0<\/p>\n","protected":false},"author":2,"featured_media":0,"comment_status":"closed","ping_status":"closed","sticky":false,"template":"","format":"standard","meta":[],"categories":[6],"tags":[33,30],"_links":{"self":[{"href":"http:\/\/www.ulcgt69villefranche.fr\/index.php?rest_route=\/wp\/v2\/posts\/349"}],"collection":[{"href":"http:\/\/www.ulcgt69villefranche.fr\/index.php?rest_route=\/wp\/v2\/posts"}],"about":[{"href":"http:\/\/www.ulcgt69villefranche.fr\/index.php?rest_route=\/wp\/v2\/types\/post"}],"author":[{"embeddable":true,"href":"http:\/\/www.ulcgt69villefranche.fr\/index.php?rest_route=\/wp\/v2\/users\/2"}],"replies":[{"embeddable":true,"href":"http:\/\/www.ulcgt69villefranche.fr\/index.php?rest_route=%2Fwp%2Fv2%2Fcomments&post=349"}],"version-history":[{"count":12,"href":"http:\/\/www.ulcgt69villefranche.fr\/index.php?rest_route=\/wp\/v2\/posts\/349\/revisions"}],"predecessor-version":[{"id":1152,"href":"http:\/\/www.ulcgt69villefranche.fr\/index.php?rest_route=\/wp\/v2\/posts\/349\/revisions\/1152"}],"wp:attachment":[{"href":"http:\/\/www.ulcgt69villefranche.fr\/index.php?rest_route=%2Fwp%2Fv2%2Fmedia&parent=349"}],"wp:term":[{"taxonomy":"category","embeddable":true,"href":"http:\/\/www.ulcgt69villefranche.fr\/index.php?rest_route=%2Fwp%2Fv2%2Fcategories&post=349"},{"taxonomy":"post_tag","embeddable":true,"href":"http:\/\/www.ulcgt69villefranche.fr\/index.php?rest_route=%2Fwp%2Fv2%2Ftags&post=349"}],"curies":[{"name":"wp","href":"https:\/\/api.w.org\/{rel}","templated":true}]}}