{"id":3469,"date":"2021-08-01T11:08:01","date_gmt":"2021-08-01T09:08:01","guid":{"rendered":"http:\/\/www.ulcgt69villefranche.fr\/?p=3469"},"modified":"2021-12-16T19:28:48","modified_gmt":"2021-12-16T18:28:48","slug":"05-08-21-preavis-de-greve-agivr","status":"publish","type":"post","link":"http:\/\/www.ulcgt69villefranche.fr\/?p=3469","title":{"rendered":"05\/08\/21 : PREAVIS DE GREVE AGIVR"},"content":{"rendered":"<h1><a href=\"http:\/\/www.ulcgt69villefranche.fr\/wp-content\/uploads\/2017\/09\/medico-social.jpg\"><img loading=\"lazy\" class=\"aligncenter size-full wp-image-2160\" src=\"http:\/\/www.ulcgt69villefranche.fr\/wp-content\/uploads\/2017\/09\/medico-social.jpg\" alt=\"\" width=\"230\" height=\"219\" \/><\/a><\/h1>\n<h1 style=\"text-align: center;\"><span style=\"color: #ff0000;\"><strong>SYNDICAT CGT AGIVR<\/strong><\/span><br \/>\n<span style=\"color: #008000;\"><strong>HANDICAP VAL DE SA\u00d4NE, BEAUJOLAIS<\/strong><\/span><\/h1>\n<p style=\"text-align: center;\">Ne vous y tromp\u00e9 pas la CGT est pour la vaccination mais refuse cette obligation vaccinale. Chaque salari\u00e9 devrait librement pouvoir consentir et non \u00eatre oblig\u00e9 sous peine d une suspension de salaire ou voir d&rsquo;un licenciement.<\/p>\n<p style=\"text-align: center;\">Les salari\u00e9s de l&rsquo;Agivr et de toutes les autres structures qui accompagnent des personnes en situation de fragilit\u00e9 se sont montr\u00e9s exemplaires durant ces divers vagues \u00e9pid\u00e9miques.<\/p>\n<p style=\"text-align: center;\">Malgr\u00e9 la fatigue elles et ils ont assur\u00e9 la continuit\u00e9 des soins m\u00e9dicaux ou \u00e9ducatifs en pr\u00e9sentiel.<\/p>\n<p style=\"text-align: center;\">Donc nous refusons que les salari\u00e9s payent le prix de la gestion pitoyable de la crise sanitaire que ce gouvernement a pu avoir durant cette p\u00e9riode.<\/p>\n<p style=\"text-align: center;\">Les salari\u00e9s ont droit au respect et \u00e0 plus de reconnaissance comme plus de moyens et des revalorisations salariales.<\/p>\n<p style=\"text-align: center;\"><a href=\"http:\/\/www.ulcgt69villefranche.fr\/wp-content\/uploads\/2021\/08\/obligation-vaccinal-position-cgt-agivr.pdf\" target=\"_blank\" rel=\"noopener noreferrer\">obligation vaccinal position cgt agivr<\/a><\/p>\n<p style=\"text-align: center;\"><a href=\"http:\/\/www.ulcgt69villefranche.fr\/wp-content\/uploads\/2021\/08\/PREAVIS-DU-5-AOUT.pdf\" target=\"_blank\" rel=\"noopener noreferrer\">PREAVIS DU 5 AOUT<\/a><\/p>\n<p style=\"padding-left: 30px;\"><a href=\"http:\/\/www.ulcgt69villefranche.fr\/wp-content\/uploads\/2021\/08\/20210802_185827.jpg\"><img loading=\"lazy\" class=\"aligncenter size-full wp-image-3473\" src=\"http:\/\/www.ulcgt69villefranche.fr\/wp-content\/uploads\/2021\/08\/20210802_185827.jpg\" alt=\"\" width=\"478\" height=\"621\" srcset=\"http:\/\/www.ulcgt69villefranche.fr\/wp-content\/uploads\/2021\/08\/20210802_185827.jpg 478w, http:\/\/www.ulcgt69villefranche.fr\/wp-content\/uploads\/2021\/08\/20210802_185827-231x300.jpg 231w\" sizes=\"(max-width: 478px) 100vw, 478px\" \/><\/a><\/p>\n","protected":false},"excerpt":{"rendered":"<p>SYNDICAT CGT AGIVR HANDICAP VAL DE SA\u00d4NE, BEAUJOLAIS Ne vous y tromp\u00e9 pas la CGT est pour la vaccination mais refuse cette obligation vaccinale. Chaque salari\u00e9 devrait librement pouvoir consentir et non \u00eatre oblig\u00e9 sous peine d une suspension de salaire ou voir d&rsquo;un licenciement. Les salari\u00e9s de l&rsquo;Agivr et de toutes les autres structures [&hellip;]<\/p>\n","protected":false},"author":3,"featured_media":0,"comment_status":"closed","ping_status":"closed","sticky":false,"template":"","format":"standard","meta":[],"categories":[1],"tags":[],"_links":{"self":[{"href":"http:\/\/www.ulcgt69villefranche.fr\/index.php?rest_route=\/wp\/v2\/posts\/3469"}],"collection":[{"href":"http:\/\/www.ulcgt69villefranche.fr\/index.php?rest_route=\/wp\/v2\/posts"}],"about":[{"href":"http:\/\/www.ulcgt69villefranche.fr\/index.php?rest_route=\/wp\/v2\/types\/post"}],"author":[{"embeddable":true,"href":"http:\/\/www.ulcgt69villefranche.fr\/index.php?rest_route=\/wp\/v2\/users\/3"}],"replies":[{"embeddable":true,"href":"http:\/\/www.ulcgt69villefranche.fr\/index.php?rest_route=%2Fwp%2Fv2%2Fcomments&post=3469"}],"version-history":[{"count":4,"href":"http:\/\/www.ulcgt69villefranche.fr\/index.php?rest_route=\/wp\/v2\/posts\/3469\/revisions"}],"predecessor-version":[{"id":3545,"href":"http:\/\/www.ulcgt69villefranche.fr\/index.php?rest_route=\/wp\/v2\/posts\/3469\/revisions\/3545"}],"wp:attachment":[{"href":"http:\/\/www.ulcgt69villefranche.fr\/index.php?rest_route=%2Fwp%2Fv2%2Fmedia&parent=3469"}],"wp:term":[{"taxonomy":"category","embeddable":true,"href":"http:\/\/www.ulcgt69villefranche.fr\/index.php?rest_route=%2Fwp%2Fv2%2Fcategories&post=3469"},{"taxonomy":"post_tag","embeddable":true,"href":"http:\/\/www.ulcgt69villefranche.fr\/index.php?rest_route=%2Fwp%2Fv2%2Ftags&post=3469"}],"curies":[{"name":"wp","href":"https:\/\/api.w.org\/{rel}","templated":true}]}}