{"id":3460,"date":"2021-06-23T18:28:32","date_gmt":"2021-06-23T16:28:32","guid":{"rendered":"http:\/\/www.ulcgt69villefranche.fr\/?p=3460"},"modified":"2021-12-16T19:28:56","modified_gmt":"2021-12-16T18:28:56","slug":"24-06-21","status":"publish","type":"post","link":"http:\/\/www.ulcgt69villefranche.fr\/?p=3460","title":{"rendered":"24\/06\/21 : RASSEMBLEMENT STVB"},"content":{"rendered":"<h1 style=\"text-align: center;\"><strong><u>\u200cJeudi 24 juin<\/u><\/strong><\/h1>\n<div class=\"gl_quote\">\n<div style=\"text-align: center;\">\n<p>\u200cRassemblement d\u00e8s<u>\u00a08h30 devant la STVB\u00a0<\/u>\u00e0 Villefranche qui tiendra ce jour son conseil d&rsquo;administration<\/p>\n<p>Nous manifesterons \u00a0contre la fusion des services de m\u00e9decine du travail de Bourg en Bresse et de celle de Villefranche<\/p>\n<p><strong><u>LORS DE CE RASSEMBLEMENT NOUS APPORTERONS\u00a0NOTRE SOUTIEN :\u00a0<\/u><\/strong><\/p>\n<p><strong>\u00a0\u00e0 notre camarade FIROUZE KHERRA, D\u00e9l\u00e9gu\u00e9e syndicale CGT de l&rsquo;AGIVR qui se bat contre sa mise au placard suite \u00e0 sa maladie<\/strong><\/p>\n<p><strong>LA SOLIDARIT\u00c9 DE TOU-TE-S LES MILITANT(E)S EST INDISPENSABLE!!<\/strong><\/p>\n<p><strong>NOUS COMPTONS SUR TA PR\u00c9SENCE POUR SOUTENIR NOTRE DELEGUEE CGT.<\/strong><\/p>\n<\/div>\n<div><a href=\"http:\/\/www.ulcgt69villefranche.fr\/wp-content\/uploads\/2013\/12\/avenir-lutte.jpg\"><img loading=\"lazy\" class=\"aligncenter size-full wp-image-1356\" src=\"http:\/\/www.ulcgt69villefranche.fr\/wp-content\/uploads\/2013\/12\/avenir-lutte.jpg\" alt=\"\" width=\"897\" height=\"199\" srcset=\"http:\/\/www.ulcgt69villefranche.fr\/wp-content\/uploads\/2013\/12\/avenir-lutte.jpg 897w, http:\/\/www.ulcgt69villefranche.fr\/wp-content\/uploads\/2013\/12\/avenir-lutte-300x66.jpg 300w\" sizes=\"(max-width: 897px) 100vw, 897px\" \/><\/a><\/div>\n<\/div>\n","protected":false},"excerpt":{"rendered":"<p>\u200cJeudi 24 juin \u200cRassemblement d\u00e8s\u00a08h30 devant la STVB\u00a0\u00e0 Villefranche qui tiendra ce jour son conseil d&rsquo;administration Nous manifesterons \u00a0contre la fusion des services de m\u00e9decine du travail de Bourg en Bresse et de celle de Villefranche LORS DE CE RASSEMBLEMENT NOUS APPORTERONS\u00a0NOTRE SOUTIEN :\u00a0 \u00a0\u00e0 notre camarade FIROUZE KHERRA, D\u00e9l\u00e9gu\u00e9e syndicale CGT de l&rsquo;AGIVR qui [&hellip;]<\/p>\n","protected":false},"author":3,"featured_media":0,"comment_status":"closed","ping_status":"closed","sticky":false,"template":"","format":"standard","meta":[],"categories":[1],"tags":[],"_links":{"self":[{"href":"http:\/\/www.ulcgt69villefranche.fr\/index.php?rest_route=\/wp\/v2\/posts\/3460"}],"collection":[{"href":"http:\/\/www.ulcgt69villefranche.fr\/index.php?rest_route=\/wp\/v2\/posts"}],"about":[{"href":"http:\/\/www.ulcgt69villefranche.fr\/index.php?rest_route=\/wp\/v2\/types\/post"}],"author":[{"embeddable":true,"href":"http:\/\/www.ulcgt69villefranche.fr\/index.php?rest_route=\/wp\/v2\/users\/3"}],"replies":[{"embeddable":true,"href":"http:\/\/www.ulcgt69villefranche.fr\/index.php?rest_route=%2Fwp%2Fv2%2Fcomments&post=3460"}],"version-history":[{"count":3,"href":"http:\/\/www.ulcgt69villefranche.fr\/index.php?rest_route=\/wp\/v2\/posts\/3460\/revisions"}],"predecessor-version":[{"id":3463,"href":"http:\/\/www.ulcgt69villefranche.fr\/index.php?rest_route=\/wp\/v2\/posts\/3460\/revisions\/3463"}],"wp:attachment":[{"href":"http:\/\/www.ulcgt69villefranche.fr\/index.php?rest_route=%2Fwp%2Fv2%2Fmedia&parent=3460"}],"wp:term":[{"taxonomy":"category","embeddable":true,"href":"http:\/\/www.ulcgt69villefranche.fr\/index.php?rest_route=%2Fwp%2Fv2%2Fcategories&post=3460"},{"taxonomy":"post_tag","embeddable":true,"href":"http:\/\/www.ulcgt69villefranche.fr\/index.php?rest_route=%2Fwp%2Fv2%2Ftags&post=3460"}],"curies":[{"name":"wp","href":"https:\/\/api.w.org\/{rel}","templated":true}]}}